{"id":29992,"date":"2023-10-12T19:05:14","date_gmt":"2023-10-12T19:05:14","guid":{"rendered":"https:\/\/blogs.ugto.mx\/rea\/?p=29992"},"modified":"2023-10-12T19:05:15","modified_gmt":"2023-10-12T19:05:15","slug":"clase-digital-5-movimientos-sociales-contemporaneos-en-mexico","status":"publish","type":"post","link":"https:\/\/blogs.ugto.mx\/rea\/clase-digital-5-movimientos-sociales-contemporaneos-en-mexico\/","title":{"rendered":"Clase digital 5. Movimientos sociales contempor\u00e1neos en M\u00e9xico"},"content":{"rendered":"\n\n\n<div class=\"wp-block-cover\" style=\"min-height:284px;aspect-ratio:unset;\"><span aria-hidden=\"true\" class=\"wp-block-cover__background has-background-dim-40 has-background-dim\"><\/span><img decoding=\"async\" class=\"wp-block-cover__image-background wp-image-3694\" alt=\"\" src=\"data:image\/gif;base64,R0lGODlhAQABAIAAAAAAAP\/\/\/yH5BAEAAAAALAAAAAABAAEAAAIBRAA7\" data-src=\"https:\/\/blogs.ugto.mx\/rea\/wp-content\/uploads\/sites\/71\/2021\/12\/image-from-rawpixel-id-1057141-jpeg.jpg\" style=\"object-position:75% 30%\" data-object-fit=\"cover\" data-object-position=\"75% 30%\" \/><noscript><img loading=\"lazy\" decoding=\"async\" width=\"1200\" height=\"961\" class=\"wp-block-cover__image-background wp-image-3694\" alt=\"\" src=\"https:\/\/blogs.ugto.mx\/rea\/wp-content\/uploads\/sites\/71\/2021\/12\/image-from-rawpixel-id-1057141-jpeg.jpg\" style=\"object-position:75% 30%\" data-object-fit=\"cover\" data-object-position=\"75% 30%\" srcset=\"https:\/\/blogs.ugto.mx\/rea\/wp-content\/uploads\/sites\/71\/2021\/12\/image-from-rawpixel-id-1057141-jpeg.jpg 1200w, https:\/\/blogs.ugto.mx\/rea\/wp-content\/uploads\/sites\/71\/2021\/12\/image-from-rawpixel-id-1057141-jpeg-300x240.jpg 300w, https:\/\/blogs.ugto.mx\/rea\/wp-content\/uploads\/sites\/71\/2021\/12\/image-from-rawpixel-id-1057141-jpeg-1024x820.jpg 1024w, https:\/\/blogs.ugto.mx\/rea\/wp-content\/uploads\/sites\/71\/2021\/12\/image-from-rawpixel-id-1057141-jpeg-768x615.jpg 768w\" sizes=\"auto, (max-width: 1200px) 100vw, 1200px\" \/><\/noscript><div class=\"wp-block-cover__inner-container is-layout-flow wp-block-cover-is-layout-flow\">\n<p class=\"has-text-align-center has-base-3-color has-text-color has-large-font-size wp-block-paragraph\"><br>Movimientos sociales contempor\u00e1neos en M\u00e9xico<\/p>\n<\/div><\/div>\n\n\n\n<h2 class=\"wp-block-heading\" id=\"introduccion\">Introducci\u00f3n<\/h2>\n\n\n\n<p class=\"wp-block-paragraph\">Bienvenidas y bienvenidos a la clase digital n\u00famero cinco, en ella nos enfocaremos en los movimientos sociales contempor\u00e1neos en M\u00e9xico. La importancia que ejercen los movimientos sociales dentro del Estado y sus relaciones de causa y efectos como fen\u00f3menos sociales de gran complejidad por lo que adquiere la necesidad de encontrar puntos de equilibrio dentro de un mundo globalizado y competitivo, quedan m\u00e1s expuestas las prioridades y exigencias del ser humano dentro de su entorno, su desarrollo y desenvolvimiento cotidiano en b\u00fasqueda de satisfacer sus necesidades y a la vez necesidades de un conglomerado social, dando a conocer y entender que el surgimiento y el fortalecimiento de los movimientos sociales tienen que ser entendidos como consecuencias de un cambio de la base funcional a una base territorial y cultural de la acci\u00f3n colectiva y la din\u00e1mica societal asociada dentro de un determinado contexto hist\u00f3rico, social y cultural, adem\u00e1s de la reflexi\u00f3n sistem\u00e1tica o sociol\u00f3gica de las caracter\u00edsticas de estos actores pol\u00edticos, hoy, claves para la estabilidad y la transformaci\u00f3n social, en b\u00fasqueda de las caracter\u00edsticas internas, las bases socio-territoriales, las t\u00e1cticas de resistencia, la lucha, y las alianzas forjadas de los movimientos sociales orientadas en el vivir bien de todos los miembros de la sociedad.<\/p>\n\n\n\n<h2 class=\"wp-block-heading\" id=\"desarrollo-del-tema\">Desarrollo del tema<\/h2>\n\n\n\n<h3 class=\"wp-block-heading\" id=\"movimientos-sociales-contemporaneos-en-mexico\">Movimientos sociales contempor\u00e1neos en M\u00e9xico<\/h3>\n\n\n\n<p class=\"wp-block-paragraph\">Un movimiento social es un grupo no formal de individuos u organizaciones que tiene como finalidad el cambio social. Durante el siglo XIX, el concepto de movimiento social estaba ligado a un tipo de cambio social particular y a un fin espec\u00edfico, as\u00ed como a una identidad en concreto y a un grupo social en particular.\u200b<\/p>\n\n\n\n<p class=\"wp-block-paragraph\">Para poder analizar diferentes tipos de movimientos sociales es oportuno tener un concepto general de lo que es un movimiento social, sus causas y c\u00f3mo se presenta.<\/p>\n\n\n\n<p class=\"wp-block-paragraph\">Cuando empez\u00f3 a utilizarse a principios del siglo XIX, el concepto de movimiento social estaba ligado a un tipo de cambio social particular (revolucionario) y a un fin espec\u00edfico (la instauraci\u00f3n de un r\u00e9gimen socialista o comunista), as\u00ed como a una identidad en concreto (identidad de clase) y a un grupo social en particular (la clase obrera).<\/p>\n\n\n\n<p class=\"wp-block-paragraph\">As\u00ed el mismo t\u00e9rmino engloba movimientos que se sit\u00faan en muy diferentes contextos, en objetivos que se encuentran en esferas tan distintas como la cultural, social, pol\u00edtica, econ\u00f3mica o personal, y cuya composici\u00f3n incluye a clases, sectores, como obreros, campesinos, mujeres, estudiantes, vecinos y grupos \u00e9tnicos.<\/p>\n\n\n<div class=\"wp-block-image\">\n<figure class=\"aligncenter size-full is-resized\"><img loading=\"lazy\" decoding=\"async\" src=\"data:image\/gif;base64,R0lGODlhAQABAIAAAAAAAP\/\/\/yH5BAEAAAAALAAAAAABAAEAAAIBRAA7\" data-src=\"https:\/\/blogs.ugto.mx\/rea\/wp-content\/uploads\/sites\/71\/2021\/12\/Clase-5-imagen-1-1.png\" alt=\"\" class=\"wp-image-3695\" style=\"width:420px;height:292px\" width=\"420\" height=\"292\" \/><noscript><img loading=\"lazy\" decoding=\"async\" src=\"https:\/\/blogs.ugto.mx\/rea\/wp-content\/uploads\/sites\/71\/2021\/12\/Clase-5-imagen-1-1.png\" alt=\"\" class=\"wp-image-3695\" style=\"width:420px;height:292px\" width=\"420\" height=\"292\" srcset=\"https:\/\/blogs.ugto.mx\/rea\/wp-content\/uploads\/sites\/71\/2021\/12\/Clase-5-imagen-1-1.png 748w, https:\/\/blogs.ugto.mx\/rea\/wp-content\/uploads\/sites\/71\/2021\/12\/Clase-5-imagen-1-1-300x209.png 300w\" sizes=\"auto, (max-width: 420px) 100vw, 420px\" \/><\/noscript><figcaption class=\"wp-element-caption\">Imagen 1. Movimientos sociales.&nbsp;&nbsp;<\/figcaption><\/figure>\n<\/div>\n\n\n<p class=\"wp-block-paragraph\">En su conceptualizaci\u00f3n m\u00e1s general, los <strong>movimientos sociales<\/strong> son definidos como \u201c<em>una forma de acci\u00f3n colectiva no ef\u00edmera, en la cual un grupo m\u00e1s o menos organizado recurre a acciones extra institucionales a fin de promover o impedir ciertos cambios<\/em>\u00ab.<\/p>\n\n\n\n<p class=\"wp-block-paragraph\">El movimiento social fue resultado de la s\u00edntesis innovadora y trascendental de tres elementos:<\/p>\n\n\n\n<ol class=\"wp-block-list\">\n<li><strong>Campa\u00f1a<\/strong>, el esfuerzo p\u00fablico por trasladar a las autoridades pertinentes las exigencias colectivas.<\/li>\n\n\n\n<li><strong>Repertorio, creaciones de coaliciones y asociaciones con un fin espec\u00edfico<\/strong>, reuniones p\u00fablicas, manifestaciones, declaraciones y en los medios p\u00fablicos, propaganda.<\/li>\n\n\n\n<li><strong>Demostraciones de Valor<\/strong>: conducta sobria, atuendo cuidado; Unidad: insignias id\u00e9nticas, pancartas; N\u00famero: recuento de asistentes, firma de peticiones; y Compromiso: desafiar al mal tiempo, participaci\u00f3n visible. Lo que constituye el movimiento social no son las actuaciones en solitario de los contendientes sino la interacci\u00f3n entre estos tres elementos.<\/li>\n<\/ol>\n\n\n\n<p class=\"wp-block-paragraph\">Los <strong>movimientos sociales como estructuras de cambio social<\/strong> surgieron hist\u00f3ricamente como consecuencia de distintas crisis sociales y presentaron distintas orientaciones ideol\u00f3gicas: tanto revolucionarias como reaccionarias, y todos los estadios intermedios hasta los marginados, a veces identificados con un campo pol\u00edtico m\u00e1s o menos concreto, y en otras ocasiones de forma interclasista y multipartidista.<\/p>\n\n\n\n<p class=\"wp-block-paragraph\">Algunos ejemplos de estos movimientos son el movimiento feminista, el movimiento ecologista, el movimiento obrero, el movimiento pacifista o antimilitarista, o, m\u00e1s reciente en su surgimiento, el movimiento okupa y el movimiento antiglobalizaci\u00f3n.<\/p>\n\n\n\n<p class=\"wp-block-paragraph\">El t\u00e9rmino fue introducido al vocabulario acad\u00e9mico por Lorenz von Stein en 1846 (\u00abHistoria de los Movimientos Sociales Franceses desde 1789 hasta el Presente (1850)\u00bb) . Stein entiende un Movimiento Social como, b\u00e1sicamente, una aspiraci\u00f3n de sectores sociales (clases) de lograr influencia sobre el Estado, debido a las desigualdades en la econom\u00eda. As\u00ed, por ejemplo, la aspiraci\u00f3n del proletariado a lograr representaci\u00f3n en los sistemas de gobierno. El libro ha sido traducido al ingl\u00e9s (por ejemplo, Bedminster Press in 1964) pero no totalmente al castellano (Galv\u00e1n, 1981).<\/p>\n\n\n<div class=\"wp-block-image\">\n<figure class=\"aligncenter size-full is-resized\"><img loading=\"lazy\" decoding=\"async\" src=\"data:image\/gif;base64,R0lGODlhAQABAIAAAAAAAP\/\/\/yH5BAEAAAAALAAAAAABAAEAAAIBRAA7\" data-src=\"https:\/\/blogs.ugto.mx\/rea\/wp-content\/uploads\/sites\/71\/2021\/12\/Imagen-2-clase-.png\" alt=\"\" class=\"wp-image-3696\" style=\"width:433px;height:278px\" width=\"433\" height=\"278\" \/><noscript><img loading=\"lazy\" decoding=\"async\" src=\"https:\/\/blogs.ugto.mx\/rea\/wp-content\/uploads\/sites\/71\/2021\/12\/Imagen-2-clase-.png\" alt=\"\" class=\"wp-image-3696\" style=\"width:433px;height:278px\" width=\"433\" height=\"278\" srcset=\"https:\/\/blogs.ugto.mx\/rea\/wp-content\/uploads\/sites\/71\/2021\/12\/Imagen-2-clase-.png 766w, https:\/\/blogs.ugto.mx\/rea\/wp-content\/uploads\/sites\/71\/2021\/12\/Imagen-2-clase--300x193.png 300w\" sizes=\"auto, (max-width: 433px) 100vw, 433px\" \/><\/noscript><figcaption class=\"wp-element-caption\">Imagen 2: Revoluci\u00f3n Francesa.<br>Fuente: https:\/\/www.marca.com\/tenis\/2017\/06\/20\/594973ff468aebe11c8b4625.html<\/figcaption><\/figure>\n<\/div>\n\n\n<p class=\"wp-block-paragraph\">La vocaci\u00f3n de los movimientos sociales es muy grande por su diversidad, por sus muchos objetivos, desde su auge en los a\u00f1os 1960. Su prestigio tambi\u00e9n es grande. Es una de las v\u00edas l\u00f3gicas de participaci\u00f3n ciudadana. No son fundaciones sociales u organizaciones no gubernamentales (ONG), sino que son unidades asistenciales.<\/p>\n\n\n\n<p class=\"wp-block-paragraph\">El concepto revivi\u00f3 en Alemania hacia los a\u00f1os 1970 con la formaci\u00f3n de los grupos de acci\u00f3n c\u00edvica (B\u00fcrgerinitiativen). Los movimientos sociales rara vez confluyen en un partido pol\u00edtico; su labor se basa en presionar al poder pol\u00edtico mediante reivindicaciones concretas o en crear alternativas. Estas alternativas o reivindicaciones se convierten en su principal identidad, sin tener que llegar a plasmar un ideario completo.<\/p>\n\n\n\n<p class=\"wp-block-paragraph\">Son el equivalente a acci\u00f3n afirmativa o grupo de presi\u00f3n para la modificaci\u00f3n de la opini\u00f3n p\u00fablica y de las pol\u00edticas p\u00fablicas (similar al lobby -cabildeo-). Tienen un car\u00e1cter de permanencia en el tiempo y con un n\u00famero de personas representativo, con relaci\u00f3n a los que sufren o ignoran el problema. Su recuerdo hist\u00f3rico es muy antiguo, por ejemplo, los Comuneros de Castilla. Son algunas veces el nacimiento de una idea con l\u00edderes carism\u00e1ticos memorables y su g\u00e9nesis puede derivar hacia un movimiento o iniciar una revuelta o, m\u00e1s contundentemente, una revoluci\u00f3n, como la Revoluci\u00f3n mexicana y asimismo la eventual plataforma para un partido hacia el poder.<\/p>\n\n\n\n<p class=\"wp-block-paragraph\">Es una forma instant\u00e1nea y continuada de insertarse en el \u00e1mbito pol\u00edtico, con inicialmente poco esfuerzo organizativo, sin pertenecer a \u00e9l, pero s\u00ed con fuerza de cambio pol\u00edtico, como la restauraci\u00f3n de la democracia perdida en reg\u00edmenes autoritarios. Su an\u00e1lisis incluye su objetivo, el tipo de clientela y es interesante el desarrollo de su proceso organizativo. El impacto en la sociedad es desde meramente presencial, como una fuerza de choque perturbadora, o hasta resultar muy definitorio, como grupos fuertes de inter\u00e9s y presi\u00f3n hacia el poder instituido. Deben cuidar su progreso organizativo para ser eficaces y continuar perseverando y merecer el honor de co-art\u00edfices de eventos democr\u00e1ticos en las instituciones u otros m\u00e1s modestos, como la informaci\u00f3n de los ciudadanos.<\/p>\n\n\n\n<p class=\"wp-block-paragraph\">Los <strong>partidos pol\u00edticos<\/strong> siempre han sido ef\u00edmeros, amorfos y tremendamente marginales. Durante d\u00e9cadas, pudieron existir en tanto se adher\u00edan a las organizaciones sindicales, a las que pretend\u00edan \u201cconcienciar\u201d, y su posterior importancia en la vida pol\u00edtica del pa\u00eds.<\/p>\n\n\n\n<p class=\"wp-block-paragraph\">En este sentido, se puede decir que, al igual que en muchas otras partes del mundo, los derechos ciudadanos y los reg\u00edmenes democr\u00e1tico-representativos b\u00e1sicamente han sido producidos hist\u00f3ricamente por la acci\u00f3n colectiva de los distintos movimientos sociales, especialmente obreros. De ah\u00ed que durante las primeras 2\/3 partes del siglo XX, la organizaci\u00f3n sindical no s\u00f3lo haya sido un tipo de movimientos sociales pol\u00edticos, sino tambi\u00e9n generadores de varias de las caracter\u00edsticas del campo pol\u00edtico a trav\u00e9s de la incorporaci\u00f3n de nuevos sujetos a la pol\u00ed-tica (los asalariados), nuevas estructuras de acci\u00f3n pol\u00edtica (los sindicatos de gran empresa) y nuevos fines de la pol\u00edtica (Estado de bienestar, industrialismo, independencia nacional, etc.).<\/p>\n\n\n\n<p class=\"wp-block-paragraph\">Los <strong>movimientos sociales<\/strong> muchas veces son liderados por grupos de menor tama\u00f1o que son los encargados de hacer conocer nuevas ideas, de mantener valores que podr\u00edan considerarse como novedosos o como poco considerados dentro de un grupo humano. En estos casos existe lo que podr\u00eda concebirse como una masa cr\u00edtica de individuos que tendr\u00e1n un rol protag\u00f3nico en lo que luego ser\u00e1 una mayor aceptaci\u00f3n social.<\/p>\n\n\n<div class=\"wp-block-image\">\n<figure class=\"aligncenter size-full is-resized\"><img loading=\"lazy\" decoding=\"async\" src=\"data:image\/gif;base64,R0lGODlhAQABAIAAAAAAAP\/\/\/yH5BAEAAAAALAAAAAABAAEAAAIBRAA7\" data-src=\"https:\/\/blogs.ugto.mx\/rea\/wp-content\/uploads\/sites\/71\/2021\/12\/Imagen-3-clase-5.png\" alt=\"\" class=\"wp-image-3697\" style=\"width:443px;height:254px\" width=\"443\" height=\"254\" \/><noscript><img loading=\"lazy\" decoding=\"async\" src=\"https:\/\/blogs.ugto.mx\/rea\/wp-content\/uploads\/sites\/71\/2021\/12\/Imagen-3-clase-5.png\" alt=\"\" class=\"wp-image-3697\" style=\"width:443px;height:254px\" width=\"443\" height=\"254\" srcset=\"https:\/\/blogs.ugto.mx\/rea\/wp-content\/uploads\/sites\/71\/2021\/12\/Imagen-3-clase-5.png 998w, https:\/\/blogs.ugto.mx\/rea\/wp-content\/uploads\/sites\/71\/2021\/12\/Imagen-3-clase-5-300x172.png 300w, https:\/\/blogs.ugto.mx\/rea\/wp-content\/uploads\/sites\/71\/2021\/12\/Imagen-3-clase-5-768x440.png 768w\" sizes=\"auto, (max-width: 443px) 100vw, 443px\" \/><\/noscript><figcaption class=\"wp-element-caption\">Imagen 3: Movimientos sociales.<br>Fuente: https:\/\/prezi.com\/p\/vjupa2zah7lb\/movimientos-sociales\/<\/figcaption><\/figure>\n<\/div>\n\n\n<p class=\"wp-block-paragraph\">Existen enormes aspectos de nuestra vida cotidiana que hoy tomamos como algo normal y que en realidad fueron la consecuencia de movimientos sociales que en algunos casos implican procesos de gran conflicto. La democracia, los derechos laborales, la divisi\u00f3n de poderes son todas posibilidades que cristalizaron gracias a distintos movimientos sociales. Es de esperarse que esta circunstancia contin\u00fae manifest\u00e1ndose en el tiempo, aunque todav\u00eda es dif\u00edcil de ver qu\u00e9 tipo de cambio de relevancia podr\u00eda gestarse en este sentido en el futuro.<\/p>\n\n\n\n<h4 class=\"wp-block-heading\" id=\"movimientos-sociales-contemporaneos-en-mexico\">Movimientos sociales contempor\u00e1neos en M\u00e9xico<\/h4>\n\n\n\n<p class=\"wp-block-paragraph\">Los movimientos sociales del M\u00e9xico contempor\u00e1neo se han caracterizado por sus diversas formas de organizaci\u00f3n y manifestaci\u00f3n, las cuales van desde los movimientos pac\u00edficos hasta los m\u00e1s radicales y\/o violentos. A lo largo de la historia de M\u00e9xico han existido una serie de movilizaciones sociales de diversos tipos y demandas, y a pesar de que la mayor\u00eda tuvo un desenlace violento y fueron fuertemente reprimidas en pos de la estabilidad y del orden social, aportaron un capital social importante que a la fecha coadyuva a conformar el ideal de pa\u00eds democr\u00e1tico que a\u00fan se est\u00e1 construyendo.<\/p>\n\n\n\n<p class=\"wp-block-paragraph\">En los \u00faltimos lustros (del 2000 al 2017) el llamado periodo de la postransici\u00f3n con el que se supon\u00eda que M\u00e9xico hab\u00eda arribado a la democracia una vez que se dio la alternancia en la presidencia de la Rep\u00fablica en el a\u00f1o 2000, con el triunfo del Partido Acci\u00f3n Nacional (PAN) y la derrota del otrora partido hegem\u00f3nico, el Partido Revolucionario Institucional (PRI), han emergido en M\u00e9xico movimientos sociales que han mostrado una gran capacidad de resistencia, movilizaci\u00f3n y lucha social, y una enorme destreza e inventiva para innovar en cuanto a repertorios de movilizaci\u00f3n y a sus estrategias para la disputa. Sin embargo, ese enorme caudal de inconformidad y malestar social, esas oleadas de movilizaci\u00f3n, protesta y rebeld\u00eda, o como dir\u00e1 Tarrow (2009), esos \u201cciclos generales de acci\u00f3n colectiva\u201d se han encontrado de frente con los llamados \u201cpoderes f\u00e1cticos\u201d y con un Estado capaz de resistir para impedir una profundizaci\u00f3n democr\u00e1tica que permita el reconocimiento y pleno ejercicio de los derechos de ciudadan\u00eda (pol\u00edticos, sociales, econ\u00f3micos, culturales, sexuales, medioambientales, etc\u00e9tera) que en m\u00e1s de una ocasi\u00f3n han sido los detonantes de las distintas movilizaciones y protestas.<\/p>\n\n\n\n<p class=\"wp-block-paragraph\">Dicho de otra manera, esos movimientos de protesta social surgidos en M\u00e9xico en los primeros lustros del siglo XXI (el zapatismo, las protestas anti desafuero del 2005, la Asamblea Popular de los Pueblos de Oaxaca-appo, el Movimiento por la Paz con Justicia y Dignidad-mpjd, el movimiento estudiantil #YoSoy132, o las jornadas por Ayotzinapa, entre otras) obedecen a distintas causas, algunas de las cuales son reivindicaciones de la identidad cultural y la lucha por el reconocimiento de los derechos ind\u00edgenas y su autonom\u00eda; otras veces responden a problemas pol\u00edtico-electorales, o bien son protestas antisist\u00e9micas, expresiones contra la violencia, o exigencia de derechos espec\u00edficos, demandas estudiantiles que muestran molestia e indignaci\u00f3n con la actuaci\u00f3n de algunos poderes f\u00e1cticos o frente a omisiones o connivencias del Estado; o bien, frente a pol\u00edticos en torno a los cuales se construye una imagen ficticia, haci\u00e9ndolos parecer un \u201crockstar\u201d y los salvadores y constructores de un nuevo pa\u00eds, como sucedi\u00f3 en el 2012 durante el proceso electoral de aquel a\u00f1o ante la aparici\u00f3n del movimiento estudiantil #YoSoy132.<\/p>\n\n\n<div class=\"wp-block-image\">\n<figure class=\"aligncenter size-full is-resized\"><img loading=\"lazy\" decoding=\"async\" src=\"data:image\/gif;base64,R0lGODlhAQABAIAAAAAAAP\/\/\/yH5BAEAAAAALAAAAAABAAEAAAIBRAA7\" data-src=\"https:\/\/blogs.ugto.mx\/rea\/wp-content\/uploads\/sites\/71\/2021\/12\/Imagen-6-clase-5.png\" alt=\"\" class=\"wp-image-3699\" style=\"width:450px;height:296px\" width=\"450\" height=\"296\" \/><noscript><img loading=\"lazy\" decoding=\"async\" src=\"https:\/\/blogs.ugto.mx\/rea\/wp-content\/uploads\/sites\/71\/2021\/12\/Imagen-6-clase-5.png\" alt=\"\" class=\"wp-image-3699\" style=\"width:450px;height:296px\" width=\"450\" height=\"296\" srcset=\"https:\/\/blogs.ugto.mx\/rea\/wp-content\/uploads\/sites\/71\/2021\/12\/Imagen-6-clase-5.png 814w, https:\/\/blogs.ugto.mx\/rea\/wp-content\/uploads\/sites\/71\/2021\/12\/Imagen-6-clase-5-300x198.png 300w, https:\/\/blogs.ugto.mx\/rea\/wp-content\/uploads\/sites\/71\/2021\/12\/Imagen-6-clase-5-768x506.png 768w\" sizes=\"auto, (max-width: 450px) 100vw, 450px\" \/><\/noscript><figcaption class=\"wp-element-caption\">Imagen 4: Movimientos sociales en M\u00e9xico.<br>Fuente: https:\/\/www.lifeder.com\/movimientos-sociales-en-mexico\/<\/figcaption><\/figure>\n<\/div>\n\n\n<p class=\"wp-block-paragraph\">Hoy m\u00e1s que nunca, los movimientos sociales, tanto en M\u00e9xico como en distintas latitudes de la geograf\u00eda mundial, se caracterizan por cuestionar abiertamente el poder establecido en un contexto de globalizaci\u00f3n econ\u00f3mica de corte neoliberal que abre cada vez m\u00e1s la brecha entre quienes detentan el poder econ\u00f3mico y obtienen grandes beneficios; y entre quienes tienen muy poco y apenas les alcanza para la supervivencia, construyendo as\u00ed sociedades sumamente inequitativas en donde la pobreza y la extrema pobreza imperan, donde se lacera a millones de seres humanos; donde la desnutrici\u00f3n infantil es extenuante e impide o dificulta pensar en un futuro promisorio para las sociedades que la experimentan; donde el desempleo crece por la aplicaci\u00f3n de pol\u00edticas neoliberales inhumanas, y las enfermedades, muchas veces curables, matan a miles o cientos de miles de ni\u00f1os, mujeres, ind\u00edgenas, ancianos.<\/p>\n\n\n\n<p class=\"wp-block-paragraph\">Todos estos movimientos sociales son luchas, son gritos, son rabias, son proyecciones de esperanza desde la desesperaci\u00f3n, desde un mundo donde parece que ya no hay esperanza. Todos estos movimientos son gritos al cielo desde la profundidad de la tormenta que estamos viviendo, son acciones colectivas de resistencia y tambi\u00e9n muchas veces de rebeld\u00eda. Estos movimientos de resistencia son un polo de un antagonismo, son respuestas a una agresi\u00f3n constante y violenta. Esa agresi\u00f3n tiene un nombre: el Capital; esa forma actual de organizaci\u00f3n social que tiene su fundamento en la mediaci\u00f3n de las relaciones sociales a trav\u00e9s del dinero. Esa violencia que proviene del capitalismo levanta voces de protesta, de indignaci\u00f3n y de reclamo. As\u00ed aparecen los zapatistas, Cher\u00e1n, la APPO, Ayotzinapa; nombres que resuenan en el mundo entero, cantando la canci\u00f3n de la rebeld\u00eda. Una canci\u00f3n que viene de un mundo que todav\u00eda no es, pero que podr\u00eda llegar a ser o tal vez no.<\/p>\n\n\n\n<p class=\"wp-block-paragraph\">Estos movimientos tambi\u00e9n representan el inicio de la lucha por fundar un sistema pol\u00edtico aut\u00e9nticamente democr\u00e1tico; son resultado de grupos sociales, j\u00f3venes, ind\u00edgenas, estudiantes, campesinos, trabajadores de la educaci\u00f3n, profesionistas, mujeres que han intentado imaginar un M\u00e9xico sin simulaciones, que se han esforzado por desvelar un sistema autoritario cubierto con un velo democr\u00e1tico.<\/p>\n\n\n\n<p class=\"wp-block-paragraph\">Te invito a ver el siguiente video: \u00abDescubre algunos de los momentos m\u00e1s importantes de la democracia mexicana\u00bb.<\/p>\n\n\n\n<figure class=\"wp-block-embed is-type-video is-provider-youtube wp-block-embed-youtube wp-embed-aspect-16-9 wp-has-aspect-ratio\"><div class=\"wp-block-embed__wrapper\">\n<iframe loading=\"lazy\" title=\"Descubre algunos de los momentos m\u00e1s importantes de la democracia mexicana\" width=\"1200\" height=\"675\" src=\"https:\/\/www.youtube.com\/embed\/-QWaLHmYOv4?feature=oembed\" frameborder=\"0\" allow=\"accelerometer; autoplay; clipboard-write; encrypted-media; gyroscope; picture-in-picture; web-share\" allowfullscreen><\/iframe>\n<\/div><\/figure>\n\n\n\n<p class=\"wp-block-paragraph\">Principales movimientos sociales mexicanos en la actualidad:<\/p>\n\n\n\n<ol class=\"wp-block-list\">\n<li>Movimiento \u201cNuestras hijas de regreso a casa\u201d<\/li>\n\n\n\n<li>Movimiento ciudadano por la justicia 5 de junio<\/li>\n\n\n\n<li>Movimiento por la paz, con justicia y dignidad<\/li>\n\n\n\n<li>Movimiento de San Salvador Atenco<\/li>\n\n\n\n<li>Movimiento escritores por Ciudad Ju\u00e1rez<\/li>\n\n\n\n<li>Movimiento LGBTTTI<\/li>\n\n\n\n<li>Movimiento \u201cSalvemos Wirikuta\u201d<\/li>\n\n\n\n<li>Movimiento #yoSoy132<\/li>\n\n\n\n<li>Movimientos por el caso Ayotzinapa<\/li>\n\n\n\n<li>Movimientos magisteriales<\/li>\n\n\n\n<li>Movimientos contra el gasolinazo<\/li>\n\n\n\n<li>Movimiento #MeToo<\/li>\n<\/ol>\n\n\n<div class=\"wp-block-image\">\n<figure class=\"aligncenter size-full is-resized\"><img loading=\"lazy\" decoding=\"async\" src=\"data:image\/gif;base64,R0lGODlhAQABAIAAAAAAAP\/\/\/yH5BAEAAAAALAAAAAABAAEAAAIBRAA7\" data-src=\"https:\/\/blogs.ugto.mx\/rea\/wp-content\/uploads\/sites\/71\/2021\/12\/Imagen-7-clase-6.png\" alt=\"\" class=\"wp-image-3701\" style=\"width:431px;height:289px\" width=\"431\" height=\"289\" \/><noscript><img loading=\"lazy\" decoding=\"async\" src=\"https:\/\/blogs.ugto.mx\/rea\/wp-content\/uploads\/sites\/71\/2021\/12\/Imagen-7-clase-6.png\" alt=\"\" class=\"wp-image-3701\" style=\"width:431px;height:289px\" width=\"431\" height=\"289\" srcset=\"https:\/\/blogs.ugto.mx\/rea\/wp-content\/uploads\/sites\/71\/2021\/12\/Imagen-7-clase-6.png 814w, https:\/\/blogs.ugto.mx\/rea\/wp-content\/uploads\/sites\/71\/2021\/12\/Imagen-7-clase-6-300x201.png 300w, https:\/\/blogs.ugto.mx\/rea\/wp-content\/uploads\/sites\/71\/2021\/12\/Imagen-7-clase-6-768x515.png 768w, https:\/\/blogs.ugto.mx\/rea\/wp-content\/uploads\/sites\/71\/2021\/12\/Imagen-7-clase-6-272x182.png 272w\" sizes=\"auto, (max-width: 431px) 100vw, 431px\" \/><\/noscript><figcaption class=\"wp-element-caption\">Imagen 5: Movimientos sociales en M\u00e9xico.<br>Fuente: https:\/\/www.lifeder.com\/movimientos-sociales-en-mexico\/<\/figcaption><\/figure>\n<\/div>\n\n\n<p class=\"wp-block-paragraph\">Te invito a ver el siguiente material para completar esta informaci\u00f3n: <a href=\"https:\/\/cuestione.com\/nacional\/los-movimientos-sociales-que-cambiaron-mexico-iii-de-iii\/\">Los movimientos sociales que cambiaron M\u00e9xico (III de III)<\/a><\/p>\n\n\n\n<h2 class=\"wp-block-heading\" id=\"conclusion\">Conclusi\u00f3n <\/h2>\n\n\n\n<p class=\"wp-block-paragraph\">Como conclusi\u00f3n de esta clase se puede rescatar en t\u00e9rminos generales, que un movimiento social es un tipo de acci\u00f3n colectiva, que intencionalmente busca modificar los sistemas sociales establecidos o defender alg\u00fan inter\u00e9s material, para lo cual se organizan y cooperan con el prop\u00f3sito de desplegar acciones p\u00fablicas en funci\u00f3n de esas metas o reivindicaciones.<\/p>\n\n\n\n<p class=\"wp-block-paragraph\">Tambi\u00e9n los movimientos sociales, aun cuando en sus manifestaciones se radicalizan, no siempre constituyen un obst\u00e1culo para el desarrollo de un pa\u00eds, puesto que esta sanci\u00f3n negativa hacia la movilizaci\u00f3n social corresponde al imaginario desde el que se tiende a criminalizar a algunos de los movimientos sociales en M\u00e9xico.<\/p>\n\n\n\n<h2 class=\"wp-block-heading\" id=\"fuentes-de-informacion\">Fuentes de informaci\u00f3n <\/h2>\n\n\n\n<ul class=\"wp-block-list\">\n<li><a href=\"https:\/\/www.eumed.net\/rev\/cccss\/2015\/01\/movimientos-sociales.html#_ftn3\">Los movimientos sociales, \u201cla resistencia\u201d y su importancia al desarrollo socio-pol\u00edtico del buen vivir (ecuador)<\/a><\/li>\n\n\n\n<li><a href=\"https:\/\/prezi.com\/p\/vjupa2zah7lb\/movimientos-sociales\/\">Movimientos sociales<\/a><\/li>\n\n\n\n<li><a href=\"https:\/\/www.redalyc.org\/pdf\/676\/67630574006.pdf\">Movimientos sociales y desarrollo en M\u00e9xico contempor\u00e1neo<\/a><\/li>\n<\/ul>\n","protected":false},"excerpt":{"rendered":"<p>Introducci\u00f3n Bienvenidas y bienvenidos a la clase digital n\u00famero cinco, en ella nos enfocaremos en los movimientos sociales contempor\u00e1neos en M\u00e9xico. La importancia que ejercen los movimientos sociales dentro del Estado y sus relaciones de causa y efectos como fen\u00f3menos sociales de gran complejidad por lo que adquiere la necesidad de encontrar puntos de equilibrio &#8230; <a title=\"Clase digital 5. Movimientos sociales contempor\u00e1neos en M\u00e9xico\" class=\"read-more\" href=\"https:\/\/blogs.ugto.mx\/rea\/clase-digital-5-movimientos-sociales-contemporaneos-en-mexico\/\" aria-label=\"Leer m\u00e1s sobre Clase digital 5. Movimientos sociales contempor\u00e1neos en M\u00e9xico\">Leer m\u00e1s<\/a><\/p>\n","protected":false},"author":142,"featured_media":0,"comment_status":"closed","ping_status":"closed","sticky":false,"template":"","format":"standard","meta":{"_acf_changed":false,"_crdt_document":"","episode_type":"","audio_file":"","podmotor_file_id":"","podmotor_episode_id":"","cover_image":"","cover_image_id":"","duration":"","filesize":"","filesize_raw":"","date_recorded":"","explicit":"","block":"","itunes_episode_number":"","itunes_title":"","itunes_season_number":"","itunes_episode_type":"","footnotes":""},"categories":[83,108],"tags":[41,116,117],"class_list":["post-29992","post","type-post","status-publish","format-standard","hentry","category-bachillerato-general","category-uda-analisis-de-la-sociedad-contemporanea","tag-clase-digital","tag-fatima-elena-esquivel-rodriguez","tag-shba03020"],"acf":[],"jetpack_featured_media_url":"","_links":{"self":[{"href":"https:\/\/blogs.ugto.mx\/rea\/wp-json\/wp\/v2\/posts\/29992","targetHints":{"allow":["GET"]}}],"collection":[{"href":"https:\/\/blogs.ugto.mx\/rea\/wp-json\/wp\/v2\/posts"}],"about":[{"href":"https:\/\/blogs.ugto.mx\/rea\/wp-json\/wp\/v2\/types\/post"}],"author":[{"embeddable":true,"href":"https:\/\/blogs.ugto.mx\/rea\/wp-json\/wp\/v2\/users\/142"}],"replies":[{"embeddable":true,"href":"https:\/\/blogs.ugto.mx\/rea\/wp-json\/wp\/v2\/comments?post=29992"}],"version-history":[{"count":3,"href":"https:\/\/blogs.ugto.mx\/rea\/wp-json\/wp\/v2\/posts\/29992\/revisions"}],"predecessor-version":[{"id":29996,"href":"https:\/\/blogs.ugto.mx\/rea\/wp-json\/wp\/v2\/posts\/29992\/revisions\/29996"}],"wp:attachment":[{"href":"https:\/\/blogs.ugto.mx\/rea\/wp-json\/wp\/v2\/media?parent=29992"}],"wp:term":[{"taxonomy":"category","embeddable":true,"href":"https:\/\/blogs.ugto.mx\/rea\/wp-json\/wp\/v2\/categories?post=29992"},{"taxonomy":"post_tag","embeddable":true,"href":"https:\/\/blogs.ugto.mx\/rea\/wp-json\/wp\/v2\/tags?post=29992"}],"curies":[{"name":"wp","href":"https:\/\/api.w.org\/{rel}","templated":true}]}}