{"id":30024,"date":"2023-10-31T15:04:20","date_gmt":"2023-10-31T15:04:20","guid":{"rendered":"https:\/\/blogs.ugto.mx\/rea\/?p=30024"},"modified":"2023-10-31T15:04:21","modified_gmt":"2023-10-31T15:04:21","slug":"clase-digital-4-leyes-de-herencia-no-mendeliana-dominancia-incompleta-codominancia-alelos-multiples-y-herencia-ligada-al-genero","status":"publish","type":"post","link":"https:\/\/blogs.ugto.mx\/rea\/clase-digital-4-leyes-de-herencia-no-mendeliana-dominancia-incompleta-codominancia-alelos-multiples-y-herencia-ligada-al-genero\/","title":{"rendered":"Clase digital 4. Leyes de herencia no mendeliana: dominancia incompleta, codominancia, alelos m\u00faltiples y herencia ligada al g\u00e9nero"},"content":{"rendered":"\n\n\n<div class=\"wp-block-cover\" style=\"min-height:284px;aspect-ratio:unset;\"><span aria-hidden=\"true\" class=\"wp-block-cover__background has-background-dim-30 has-background-dim\"><\/span><img decoding=\"async\" class=\"wp-block-cover__image-background wp-image-31018\" alt=\"\" src=\"data:image\/gif;base64,R0lGODlhAQABAIAAAAAAAP\/\/\/yH5BAEAAAAALAAAAAABAAEAAAIBRAA7\" data-src=\"https:\/\/blogs.ugto.mx\/rea\/wp-content\/uploads\/sites\/71\/2023\/10\/DONDIEGO.jpg\" style=\"object-position:50% 67%\" data-object-fit=\"cover\" data-object-position=\"50% 67%\" \/><noscript><img loading=\"lazy\" decoding=\"async\" width=\"1000\" height=\"741\" class=\"wp-block-cover__image-background wp-image-31018\" alt=\"\" src=\"https:\/\/blogs.ugto.mx\/rea\/wp-content\/uploads\/sites\/71\/2023\/10\/DONDIEGO.jpg\" style=\"object-position:50% 67%\" data-object-fit=\"cover\" data-object-position=\"50% 67%\" srcset=\"https:\/\/blogs.ugto.mx\/rea\/wp-content\/uploads\/sites\/71\/2023\/10\/DONDIEGO.jpg 1000w, https:\/\/blogs.ugto.mx\/rea\/wp-content\/uploads\/sites\/71\/2023\/10\/DONDIEGO-300x222.jpg 300w, https:\/\/blogs.ugto.mx\/rea\/wp-content\/uploads\/sites\/71\/2023\/10\/DONDIEGO-768x569.jpg 768w\" sizes=\"auto, (max-width: 1000px) 100vw, 1000px\" \/><\/noscript><div class=\"wp-block-cover__inner-container is-layout-flow wp-block-cover-is-layout-flow\">\n<p class=\"has-text-align-center has-base-3-color has-text-color has-large-font-size wp-block-paragraph\">Leyes de herencia no mendeliana: dominancia incompleta, codominancia, alelos m\u00faltiples y herencia ligada al g\u00e9nero<\/p>\n<\/div><\/div>\n\n\n\n<h2 class=\"wp-block-heading\" id=\"introduccion\">Introducci\u00f3n<\/h2>\n\n\n\n<p class=\"wp-block-paragraph\">En los pioneros trabajos de experimentaci\u00f3n realizados por Gregor Mendel con guisantes, se enfoc\u00f3 en la descripci\u00f3n de dos tipos fundamentales de genes y sus respectivas combinaciones: los genes dominantes y los genes recesivos. Estos hallazgos marcaron el inicio de una revoluci\u00f3n en nuestra comprensi\u00f3n de la herencia gen\u00e9tica, sentando las bases para lo que hoy conocemos como gen\u00e9tica moderna.<\/p>\n\n\n\n<p class=\"wp-block-paragraph\">No obstante, es esencial entender que la gen\u00e9tica es una disciplina mucho m\u00e1s rica y compleja de lo que Mendel pudo abordar en sus primeros experimentos. M\u00e1s all\u00e1 de las leyes mendelianas, existen una variedad de patrones y fen\u00f3menos hereditarios que han sido investigados por destacados cient\u00edficos y que se agrupan bajo el t\u00e9rmino \u00abHerencia no Mendeliana\u00bb. Estos incluyen conceptos como la dominancia incompleta, la codominancia, la poligenia, los alelos m\u00faltiples, la epistasis, los genes represores, los genes reguladores y otros, todos ellos influenciados en su expresi\u00f3n por factores ambientales.<\/p>\n\n\n\n<p class=\"wp-block-paragraph\">La gen\u00e9tica, como campo de estudio, contin\u00faa evolucionando y expandi\u00e9ndose constantemente a medida que nuevos descubrimientos y avances cient\u00edficos emergen. En las lecciones previas, hemos explorado las tres leyes fundamentales postuladas por Gregor Mendel. En esta clase digital, nos sumergiremos en el fascinante mundo de la herencia no mendeliana, profundizando en su comprensi\u00f3n y an\u00e1lisis. A trav\u00e9s de este viaje, aspiramos a enriquecer tu conocimiento y apreciaci\u00f3n por la gen\u00e9tica, reconociendo su complejidad y la influencia crucial de los factores ambientales en la herencia gen\u00e9tica.<\/p>\n\n\n\n<h2 class=\"wp-block-heading\" id=\"desarrollo-del-tema\">Desarrollo del tema <\/h2>\n\n\n\n<h4 class=\"wp-block-heading\" id=\"conclusion\">Dominancia incompleta<\/h4>\n\n\n\n<p class=\"wp-block-paragraph\">La dominancia incompleta es un tipo de herencia en la cual se observa un fenotipo intermedio en la descendencia. En este caso, no se presenta una expresi\u00f3n clara de un gen dominante o recesivo, ya que ambos genes interact\u00faan de manera igualitaria. Ning\u00fan gen domina por completo al otro, y en su lugar, ambos se expresan simult\u00e1neamente, dando lugar a una mezcla de caracter\u00edsticas.<\/p>\n\n\n\n<p class=\"wp-block-paragraph\">Este concepto fue descubierto por Carl Franz Joseph Erich Correns, quien realiz\u00f3 estudios utilizando la planta Don Diego y demostr\u00f3 este fen\u00f3meno de herencia intermedia.<\/p>\n\n\n\n<div class=\"wp-block-columns is-layout-flex wp-container-core-columns-is-layout-8f761849 wp-block-columns-is-layout-flex\">\n<div class=\"wp-block-column is-vertically-aligned-center is-layout-flow wp-block-column-is-layout-flow\">\n<p class=\"wp-block-paragraph\"><strong>Vamos explicando de manera visual:<\/strong><\/p>\n\n\n\n<p class=\"wp-block-paragraph\">En la imagen, tenemos dos especies homocigotas de flores de Don Diego, que al igual que los guisantes de Mendel, transmiten muy fielmente las caracter\u00edsticas a las siguientes generaciones.&nbsp;<\/p>\n\n\n\n<p class=\"wp-block-paragraph\">Se representan con el genotipo de su color: RR (rojo) y R\u00b4R\u00b4 (blanco).<\/p>\n<\/div>\n<\/div>\n\n\n\n<div class=\"wp-block-columns is-layout-flex wp-container-core-columns-is-layout-8f761849 wp-block-columns-is-layout-flex\">\n<div class=\"wp-block-column is-vertically-aligned-center is-layout-flow wp-block-column-is-layout-flow\"><div class=\"wp-block-image\">\n<figure class=\"aligncenter size-full\"><img decoding=\"async\" src=\"data:image\/gif;base64,R0lGODlhAQABAIAAAAAAAP\/\/\/yH5BAEAAAAALAAAAAABAAEAAAIBRAA7\" data-src=\"https:\/\/blogs.ugto.mx\/rea\/wp-content\/uploads\/sites\/71\/2023\/10\/Captura-de-Pantalla-2023-10-27-a-las-11.54.05.png\" alt=\"\" class=\"wp-image-31079\" \/><noscript><img loading=\"lazy\" decoding=\"async\" width=\"1159\" height=\"280\" src=\"https:\/\/blogs.ugto.mx\/rea\/wp-content\/uploads\/sites\/71\/2023\/10\/Captura-de-Pantalla-2023-10-27-a-las-11.54.05.png\" alt=\"\" class=\"wp-image-31079\" srcset=\"https:\/\/blogs.ugto.mx\/rea\/wp-content\/uploads\/sites\/71\/2023\/10\/Captura-de-Pantalla-2023-10-27-a-las-11.54.05.png 1159w, https:\/\/blogs.ugto.mx\/rea\/wp-content\/uploads\/sites\/71\/2023\/10\/Captura-de-Pantalla-2023-10-27-a-las-11.54.05-300x72.png 300w, https:\/\/blogs.ugto.mx\/rea\/wp-content\/uploads\/sites\/71\/2023\/10\/Captura-de-Pantalla-2023-10-27-a-las-11.54.05-1024x247.png 1024w, https:\/\/blogs.ugto.mx\/rea\/wp-content\/uploads\/sites\/71\/2023\/10\/Captura-de-Pantalla-2023-10-27-a-las-11.54.05-768x186.png 768w\" sizes=\"auto, (max-width: 1159px) 100vw, 1159px\" \/><\/noscript><figcaption class=\"wp-element-caption\"><strong>Imagen 1.<\/strong> Colores de flor de Don Diego del experimento de Carl Correns de dominancia incompleta. <br>Obtenido de portal acad\u00e9mico CCH UNAM.<\/figcaption><\/figure>\n<\/div><\/div>\n<\/div>\n\n\n\n<div class=\"wp-block-columns is-layout-flex wp-container-core-columns-is-layout-8f761849 wp-block-columns-is-layout-flex\">\n<div class=\"wp-block-column is-vertically-aligned-center is-layout-flow wp-block-column-is-layout-flow\">\n<p class=\"wp-block-paragraph\">Al hacer la combinaci\u00f3n de \u00e9stas dos especies de l\u00ednea pura, con alelos homocigotos, se obtiene una siguiente generaci\u00f3n heterocigota, con alelos:&nbsp; R,R\u00b4.&nbsp;<\/p>\n\n\n\n<p class=\"wp-block-paragraph\">Surge un tercer fenotipo, que ya no es el color rojo o blanco, sino rosa, ya que es la combinaci\u00f3n de ambos fenotipos mezclados.&nbsp;<\/p>\n\n\n\n<p class=\"wp-block-paragraph\">El resultado de esta primera cruza nos da un total de 100% de flores rosas heterocigotas con alelos:&nbsp;<\/p>\n\n\n\n<p class=\"wp-block-paragraph\">R, R\u00b4 (como se muestra en el diagrama de Punnet de la imagen).<\/p>\n<\/div>\n<\/div>\n\n\n\n<div class=\"wp-block-columns is-layout-flex wp-container-core-columns-is-layout-8f761849 wp-block-columns-is-layout-flex\">\n<div class=\"wp-block-column is-vertically-aligned-center is-layout-flow wp-block-column-is-layout-flow\"><div class=\"wp-block-image\">\n<figure class=\"aligncenter size-full\"><img decoding=\"async\" src=\"data:image\/gif;base64,R0lGODlhAQABAIAAAAAAAP\/\/\/yH5BAEAAAAALAAAAAABAAEAAAIBRAA7\" data-src=\"https:\/\/blogs.ugto.mx\/rea\/wp-content\/uploads\/sites\/71\/2023\/10\/Captura-de-Pantalla-2023-10-27-a-las-11.54.27.png\" alt=\"\" class=\"wp-image-31080\" \/><noscript><img loading=\"lazy\" decoding=\"async\" width=\"1162\" height=\"622\" src=\"https:\/\/blogs.ugto.mx\/rea\/wp-content\/uploads\/sites\/71\/2023\/10\/Captura-de-Pantalla-2023-10-27-a-las-11.54.27.png\" alt=\"\" class=\"wp-image-31080\" srcset=\"https:\/\/blogs.ugto.mx\/rea\/wp-content\/uploads\/sites\/71\/2023\/10\/Captura-de-Pantalla-2023-10-27-a-las-11.54.27.png 1162w, https:\/\/blogs.ugto.mx\/rea\/wp-content\/uploads\/sites\/71\/2023\/10\/Captura-de-Pantalla-2023-10-27-a-las-11.54.27-300x161.png 300w, https:\/\/blogs.ugto.mx\/rea\/wp-content\/uploads\/sites\/71\/2023\/10\/Captura-de-Pantalla-2023-10-27-a-las-11.54.27-1024x548.png 1024w, https:\/\/blogs.ugto.mx\/rea\/wp-content\/uploads\/sites\/71\/2023\/10\/Captura-de-Pantalla-2023-10-27-a-las-11.54.27-768x411.png 768w\" sizes=\"auto, (max-width: 1162px) 100vw, 1162px\" \/><\/noscript><figcaption class=\"wp-element-caption\"><strong>Imagen 2.<\/strong> Colores de flor de Don Diego del experimento de Carl Correns de dominancia incompleta. Obtenido de portal acad\u00e9mico CCH UNAM.<\/figcaption><\/figure>\n<\/div><\/div>\n<\/div>\n\n\n\n<div class=\"wp-block-columns is-layout-flex wp-container-core-columns-is-layout-8f761849 wp-block-columns-is-layout-flex\">\n<div class=\"wp-block-column is-vertically-aligned-center is-layout-flow wp-block-column-is-layout-flow\">\n<p class=\"wp-block-paragraph\">Al igual que los experimentos de Gregor Mendel, se utilizaron a las especies obtenidas de la primera cruza, para fecundarse entre ellas, para ver el resultado de la combinaci\u00f3n de sus alelos. Obteniendo los siguientes gametos progenitores para el cruzamiento.&nbsp;<\/p>\n\n\n\n<p class=\"wp-block-paragraph\">Recordemos que, estas especies tienen a\u00fan en su genotipo los alelos del gen de color rojo (R,R) y de color blanco (R\u00b4,R\u00b4) pero ambos combinados resultan el fenotipo rosa.<\/p>\n<\/div>\n<\/div>\n\n\n\n<div class=\"wp-block-columns is-layout-flex wp-container-core-columns-is-layout-8f761849 wp-block-columns-is-layout-flex\">\n<div class=\"wp-block-column is-vertically-aligned-center is-layout-flow wp-block-column-is-layout-flow\"><div class=\"wp-block-image\">\n<figure class=\"aligncenter size-full\"><img decoding=\"async\" src=\"data:image\/gif;base64,R0lGODlhAQABAIAAAAAAAP\/\/\/yH5BAEAAAAALAAAAAABAAEAAAIBRAA7\" data-src=\"https:\/\/blogs.ugto.mx\/rea\/wp-content\/uploads\/sites\/71\/2023\/10\/Captura-de-Pantalla-2023-10-27-a-las-11.54.43-1.png\" alt=\"\" class=\"wp-image-31082\" \/><noscript><img loading=\"lazy\" decoding=\"async\" width=\"1163\" height=\"603\" src=\"https:\/\/blogs.ugto.mx\/rea\/wp-content\/uploads\/sites\/71\/2023\/10\/Captura-de-Pantalla-2023-10-27-a-las-11.54.43-1.png\" alt=\"\" class=\"wp-image-31082\" srcset=\"https:\/\/blogs.ugto.mx\/rea\/wp-content\/uploads\/sites\/71\/2023\/10\/Captura-de-Pantalla-2023-10-27-a-las-11.54.43-1.png 1163w, https:\/\/blogs.ugto.mx\/rea\/wp-content\/uploads\/sites\/71\/2023\/10\/Captura-de-Pantalla-2023-10-27-a-las-11.54.43-1-300x156.png 300w, https:\/\/blogs.ugto.mx\/rea\/wp-content\/uploads\/sites\/71\/2023\/10\/Captura-de-Pantalla-2023-10-27-a-las-11.54.43-1-1024x531.png 1024w, https:\/\/blogs.ugto.mx\/rea\/wp-content\/uploads\/sites\/71\/2023\/10\/Captura-de-Pantalla-2023-10-27-a-las-11.54.43-1-768x398.png 768w\" sizes=\"auto, (max-width: 1163px) 100vw, 1163px\" \/><\/noscript><figcaption class=\"wp-element-caption\"><strong>Imagen 3. <\/strong>Colores de flor de Don Diego del experimento de Carl Correns de dominancia incompleta. <br>Obtenido de portal acad\u00e9mico CCH UNAM.<\/figcaption><\/figure>\n<\/div><\/div>\n<\/div>\n\n\n\n<div class=\"wp-block-columns is-layout-flex wp-container-core-columns-is-layout-8f761849 wp-block-columns-is-layout-flex\">\n<div class=\"wp-block-column is-vertically-aligned-center is-layout-flow wp-block-column-is-layout-flow\">\n<p class=\"wp-block-paragraph\">Entonces, al hacer la combinaci\u00f3n de los progenitores, se obtiene el siguiente cuadro de Punnet, de todas las posibles combinaciones de \u00e9stos.<\/p>\n\n\n\n<p class=\"wp-block-paragraph\">Aqu\u00ed se logran manifestar nuevamente los 3 fenotipos, cuando coinciden los del progenitor femenino con el masculino, formando nuevamente homocigotos.<\/p>\n\n\n\n<p class=\"wp-block-paragraph\">El resultado es:<\/p>\n\n\n\n<p class=\"wp-block-paragraph\">2 flores de fenotipo rosa (el 50%)<br>1 flor de fenotipo rojo (el 25%)&nbsp;<br>1 flor de fenotipo rosa (el 25%)<\/p>\n<\/div>\n<\/div>\n\n\n\n<div class=\"wp-block-columns is-layout-flex wp-container-core-columns-is-layout-8f761849 wp-block-columns-is-layout-flex\">\n<div class=\"wp-block-column is-layout-flow wp-block-column-is-layout-flow\"><div class=\"wp-block-image\">\n<figure class=\"aligncenter size-full\"><img decoding=\"async\" src=\"data:image\/gif;base64,R0lGODlhAQABAIAAAAAAAP\/\/\/yH5BAEAAAAALAAAAAABAAEAAAIBRAA7\" data-src=\"https:\/\/blogs.ugto.mx\/rea\/wp-content\/uploads\/sites\/71\/2023\/10\/Captura-de-Pantalla-2023-10-27-a-las-11.55.12.png\" alt=\"\" class=\"wp-image-31083\" \/><noscript><img loading=\"lazy\" decoding=\"async\" width=\"1161\" height=\"629\" src=\"https:\/\/blogs.ugto.mx\/rea\/wp-content\/uploads\/sites\/71\/2023\/10\/Captura-de-Pantalla-2023-10-27-a-las-11.55.12.png\" alt=\"\" class=\"wp-image-31083\" srcset=\"https:\/\/blogs.ugto.mx\/rea\/wp-content\/uploads\/sites\/71\/2023\/10\/Captura-de-Pantalla-2023-10-27-a-las-11.55.12.png 1161w, https:\/\/blogs.ugto.mx\/rea\/wp-content\/uploads\/sites\/71\/2023\/10\/Captura-de-Pantalla-2023-10-27-a-las-11.55.12-300x163.png 300w, https:\/\/blogs.ugto.mx\/rea\/wp-content\/uploads\/sites\/71\/2023\/10\/Captura-de-Pantalla-2023-10-27-a-las-11.55.12-1024x555.png 1024w, https:\/\/blogs.ugto.mx\/rea\/wp-content\/uploads\/sites\/71\/2023\/10\/Captura-de-Pantalla-2023-10-27-a-las-11.55.12-768x416.png 768w\" sizes=\"auto, (max-width: 1161px) 100vw, 1161px\" \/><\/noscript><figcaption class=\"wp-element-caption\"><strong>Imagen 4:<\/strong> Colores de flor de Don Diego del experimento de Carl Correns de dominancia incompleta. <br>Obtenido de portal acad\u00e9mico CCH UNAM.<\/figcaption><\/figure>\n<\/div><\/div>\n<\/div>\n\n\n\n<h4 class=\"wp-block-heading\" id=\"conclusion\">Codominancia<\/h4>\n\n\n\n<div class=\"wp-block-columns is-layout-flex wp-container-core-columns-is-layout-8f761849 wp-block-columns-is-layout-flex\">\n<div class=\"wp-block-column is-vertically-aligned-center is-layout-flow wp-block-column-is-layout-flow\">\n<p class=\"wp-block-paragraph\">En este estado heterocigoto no hay gen recesivo y dominante, sino que ambos genes se comportan como dominantes, porque ambos se manifiestan, pero t\u00e9cnicamente no hay dominantes y recesivos, solamente ambas caracter\u00edsticas se manifiestan sin mezclarse, el individuo expresa ambos genotipos parentales.<\/p>\n\n\n\n<p class=\"wp-block-paragraph\">En la representaci\u00f3n de la imagen, se utilizan dos letras may\u00fasculas iguales con una letra en super\u00edndice tambi\u00e9n en may\u00fascula, indicando la caracter\u00edstica que manifiesta<\/p>\n\n\n\n<p class=\"wp-block-paragraph\">Plumas blancas (C<sup>B<\/sup>C<sup>B<\/sup>)&nbsp;<br>Plumas negras (C<sup>N<\/sup>C<sup>N<\/sup>)<br>Son homocigotos para los alelos C<sup>B<\/sup>&nbsp;y C<sup>N<\/sup>&nbsp;respectivamente.<\/p>\n<\/div>\n<\/div>\n\n\n\n<p class=\"wp-block-paragraph\">La nueva especie resultante de la combinaci\u00f3n de las dos especies de l\u00ednea pura homocigota blanca y negra, es con un plumaje de ambas, sin combinarse, con alelos C<sup>B<\/sup>C<sup>N<\/sup><\/p>\n\n\n\n<div class=\"wp-block-columns is-layout-flex wp-container-core-columns-is-layout-8f761849 wp-block-columns-is-layout-flex\">\n<div class=\"wp-block-column is-layout-flow wp-block-column-is-layout-flow\"><div class=\"wp-block-image\">\n<figure class=\"aligncenter size-full\"><img decoding=\"async\" src=\"data:image\/gif;base64,R0lGODlhAQABAIAAAAAAAP\/\/\/yH5BAEAAAAALAAAAAABAAEAAAIBRAA7\" data-src=\"https:\/\/blogs.ugto.mx\/rea\/wp-content\/uploads\/sites\/71\/2023\/10\/Captura-de-Pantalla-2023-10-27-a-las-11.55.33.png\" alt=\"\" class=\"wp-image-31084\" \/><noscript><img loading=\"lazy\" decoding=\"async\" width=\"1162\" height=\"376\" src=\"https:\/\/blogs.ugto.mx\/rea\/wp-content\/uploads\/sites\/71\/2023\/10\/Captura-de-Pantalla-2023-10-27-a-las-11.55.33.png\" alt=\"\" class=\"wp-image-31084\" srcset=\"https:\/\/blogs.ugto.mx\/rea\/wp-content\/uploads\/sites\/71\/2023\/10\/Captura-de-Pantalla-2023-10-27-a-las-11.55.33.png 1162w, https:\/\/blogs.ugto.mx\/rea\/wp-content\/uploads\/sites\/71\/2023\/10\/Captura-de-Pantalla-2023-10-27-a-las-11.55.33-300x97.png 300w, https:\/\/blogs.ugto.mx\/rea\/wp-content\/uploads\/sites\/71\/2023\/10\/Captura-de-Pantalla-2023-10-27-a-las-11.55.33-1024x331.png 1024w, https:\/\/blogs.ugto.mx\/rea\/wp-content\/uploads\/sites\/71\/2023\/10\/Captura-de-Pantalla-2023-10-27-a-las-11.55.33-768x249.png 768w\" sizes=\"auto, (max-width: 1162px) 100vw, 1162px\" \/><\/noscript><figcaption class=\"wp-element-caption\"><strong>Imagen 5.<\/strong> Colores de flor de Don Diego del experimento de Carl Correns de dominancia incompleta. <br>Obtenido de portal acad\u00e9mico CCH UNAM.<\/figcaption><\/figure>\n<\/div><\/div>\n<\/div>\n\n\n\n<h4 class=\"wp-block-heading\">Alelos m\u00faltiples<\/h4>\n\n\n\n<p class=\"wp-block-paragraph\">Cuando se manifiestan m\u00e1s de tres fenotipos, dependiendo del n\u00famero de alelos presentes en la poblaci\u00f3n. Ya no se rige la herencia por las leyes de Mendel, la codominancia o la dominancia incompleta, sino que hablamos de los alelos m\u00faltiples, esto quiere decir: una caracter\u00edstica hereditaria es regulada por m\u00e1s de dos alelos. Por esta raz\u00f3n s\u00f3lo se pueden estudiar en poblaciones en donde el n\u00famero de individuos permite la manifestaci\u00f3n de estas caracter\u00edsticas (como los grupos sangu\u00edneos en la poblaci\u00f3n humana).<\/p>\n\n\n\n<div class=\"wp-block-columns is-layout-flex wp-container-core-columns-is-layout-8f761849 wp-block-columns-is-layout-flex\">\n<div class=\"wp-block-column is-vertically-aligned-center is-layout-flow wp-block-column-is-layout-flow\"><div class=\"wp-block-image\">\n<figure class=\"aligncenter size-full\"><img decoding=\"async\" src=\"data:image\/gif;base64,R0lGODlhAQABAIAAAAAAAP\/\/\/yH5BAEAAAAALAAAAAABAAEAAAIBRAA7\" data-src=\"https:\/\/blogs.ugto.mx\/rea\/wp-content\/uploads\/sites\/71\/2023\/10\/Captura-de-Pantalla-2023-10-27-a-las-10.32.12.png\" alt=\"\" class=\"wp-image-31057\" \/><noscript><img loading=\"lazy\" decoding=\"async\" width=\"674\" height=\"473\" src=\"https:\/\/blogs.ugto.mx\/rea\/wp-content\/uploads\/sites\/71\/2023\/10\/Captura-de-Pantalla-2023-10-27-a-las-10.32.12.png\" alt=\"\" class=\"wp-image-31057\" srcset=\"https:\/\/blogs.ugto.mx\/rea\/wp-content\/uploads\/sites\/71\/2023\/10\/Captura-de-Pantalla-2023-10-27-a-las-10.32.12.png 674w, https:\/\/blogs.ugto.mx\/rea\/wp-content\/uploads\/sites\/71\/2023\/10\/Captura-de-Pantalla-2023-10-27-a-las-10.32.12-300x211.png 300w\" sizes=\"auto, (max-width: 674px) 100vw, 674px\" \/><\/noscript><figcaption class=\"wp-element-caption\"><strong>Imagen 6. <\/strong>Tipos de sangre. Rivas, P.<\/figcaption><\/figure>\n<\/div><\/div>\n\n\n\n<div class=\"wp-block-column is-vertically-aligned-center is-layout-flow wp-block-column-is-layout-flow\">\n<p class=\"wp-block-paragraph\">Karl Landsteiner descubri\u00f3 que los eritrocitos (gl\u00f3bulos rojos de la sangre), tienen ant\u00edgenos espec\u00edficos en su membrana celular y creo el sistema ABO.<\/p>\n\n\n<div class=\"h5p-iframe-wrapper\"><iframe id=\"h5p-iframe-649\" class=\"h5p-iframe\" data-content-id=\"649\" style=\"height:1px\" src=\"about:blank\" frameBorder=\"0\" scrolling=\"no\" title=\"Ant\u00edgeno y anticuerpo\"><\/iframe><\/div>\n\n\n\n<p class=\"wp-block-paragraph\"><\/p>\n\n\n\n<p class=\"wp-block-paragraph\">En la especie humana, tenemos 4 tipos sangu\u00edneos por dicha clasificaci\u00f3n:&nbsp; Tipo A, tipo B, tipo O y tipo AB.<\/p>\n<\/div>\n<\/div>\n\n\n\n<div style=\"height:10px\" aria-hidden=\"true\" class=\"wp-block-spacer\"><\/div>\n\n\n<div class=\"wp-block-image\">\n<figure class=\"aligncenter size-full\"><img decoding=\"async\" src=\"data:image\/gif;base64,R0lGODlhAQABAIAAAAAAAP\/\/\/yH5BAEAAAAALAAAAAABAAEAAAIBRAA7\" data-src=\"https:\/\/blogs.ugto.mx\/rea\/wp-content\/uploads\/sites\/71\/2023\/10\/Captura-de-Pantalla-2023-10-27-a-las-9.52.13.png\" alt=\"\" class=\"wp-image-31060\" \/><noscript><img loading=\"lazy\" decoding=\"async\" width=\"1163\" height=\"497\" src=\"https:\/\/blogs.ugto.mx\/rea\/wp-content\/uploads\/sites\/71\/2023\/10\/Captura-de-Pantalla-2023-10-27-a-las-9.52.13.png\" alt=\"\" class=\"wp-image-31060\" srcset=\"https:\/\/blogs.ugto.mx\/rea\/wp-content\/uploads\/sites\/71\/2023\/10\/Captura-de-Pantalla-2023-10-27-a-las-9.52.13.png 1163w, https:\/\/blogs.ugto.mx\/rea\/wp-content\/uploads\/sites\/71\/2023\/10\/Captura-de-Pantalla-2023-10-27-a-las-9.52.13-300x128.png 300w, https:\/\/blogs.ugto.mx\/rea\/wp-content\/uploads\/sites\/71\/2023\/10\/Captura-de-Pantalla-2023-10-27-a-las-9.52.13-1024x438.png 1024w, https:\/\/blogs.ugto.mx\/rea\/wp-content\/uploads\/sites\/71\/2023\/10\/Captura-de-Pantalla-2023-10-27-a-las-9.52.13-768x328.png 768w\" sizes=\"auto, (max-width: 1163px) 100vw, 1163px\" \/><\/noscript><figcaption class=\"wp-element-caption\"><strong>Imagen 7.<\/strong> Diagrama de ejemplificaci\u00f3n de anticuerpos y ant\u00edgenos. Herencia no mendeliana: alelos m\u00faltiples. Obtenido de portal acad\u00e9mico CCH UNAM.<\/figcaption><\/figure>\n<\/div>\n\n\n<p class=\"wp-block-paragraph\">Cuando ingresa al cuerpo un tipo de sangre que no es compatible, inmediatamente reaccionan los anticuerpos, formando co\u00e1gulos y comienza un proceso de hem\u00f3lisis.&nbsp;<\/p>\n\n\n\n<p class=\"wp-block-paragraph\">Todas estas combinaciones, se relacionan con el factor hereditario, de ello depende el tipo de sangre de cada persona, resumido en el siguiente esquema:&nbsp;<\/p>\n\n\n<div class=\"wp-block-image\">\n<figure class=\"aligncenter size-full\"><img decoding=\"async\" src=\"data:image\/gif;base64,R0lGODlhAQABAIAAAAAAAP\/\/\/yH5BAEAAAAALAAAAAABAAEAAAIBRAA7\" data-src=\"https:\/\/blogs.ugto.mx\/rea\/wp-content\/uploads\/sites\/71\/2023\/10\/Captura-de-Pantalla-2023-10-27-a-las-9.52.39.png\" alt=\"\" class=\"wp-image-31062\" \/><noscript><img loading=\"lazy\" decoding=\"async\" width=\"1162\" height=\"706\" src=\"https:\/\/blogs.ugto.mx\/rea\/wp-content\/uploads\/sites\/71\/2023\/10\/Captura-de-Pantalla-2023-10-27-a-las-9.52.39.png\" alt=\"\" class=\"wp-image-31062\" srcset=\"https:\/\/blogs.ugto.mx\/rea\/wp-content\/uploads\/sites\/71\/2023\/10\/Captura-de-Pantalla-2023-10-27-a-las-9.52.39.png 1162w, https:\/\/blogs.ugto.mx\/rea\/wp-content\/uploads\/sites\/71\/2023\/10\/Captura-de-Pantalla-2023-10-27-a-las-9.52.39-300x182.png 300w, https:\/\/blogs.ugto.mx\/rea\/wp-content\/uploads\/sites\/71\/2023\/10\/Captura-de-Pantalla-2023-10-27-a-las-9.52.39-1024x622.png 1024w, https:\/\/blogs.ugto.mx\/rea\/wp-content\/uploads\/sites\/71\/2023\/10\/Captura-de-Pantalla-2023-10-27-a-las-9.52.39-768x467.png 768w\" sizes=\"auto, (max-width: 1162px) 100vw, 1162px\" \/><\/noscript><figcaption class=\"wp-element-caption\"><strong>Imagen 8. <\/strong>Clasificaci\u00f3n de grupos sangu\u00edneos de acuerdo con la teor\u00eda de alelos m\u00faltiples.&nbsp; MATPRAC. Biolog\u00eda | Herencia No Mendeliana.<\/figcaption><\/figure>\n<\/div>\n\n\n<p class=\"wp-block-paragraph\">A parte de las combinaciones de ant\u00edgenos y anticuerpos de la sangre, existe un factor m\u00e1s:<br><br>El factor Rhesus (Rh) es una prote\u00edna heredada que se encuentra en la superficie de los gl\u00f3bulos rojos.<\/p>\n\n\n\n<ul class=\"wp-block-list\">\n<li>Si tu sangre tiene esta prote\u00edna, eres Rh positivo.&nbsp;<\/li>\n\n\n\n<li>Si tu sangre carece de esta prote\u00edna, eres Rh negativo.<\/li>\n\n\n\n<li>Rh positivo es el grupo sangu\u00edneo m\u00e1s frecuente.<\/li>\n\n\n\n<li>Eh hecho de que tengas o no la prote\u00edna del factor Rhesus presente en sangre, no beneficia ni perjudica a la composici\u00f3n de la sangre.<\/li>\n<\/ul>\n\n\n<div class=\"wp-block-image\">\n<figure class=\"aligncenter size-full\"><img decoding=\"async\" src=\"data:image\/gif;base64,R0lGODlhAQABAIAAAAAAAP\/\/\/yH5BAEAAAAALAAAAAABAAEAAAIBRAA7\" data-src=\"https:\/\/blogs.ugto.mx\/rea\/wp-content\/uploads\/sites\/71\/2023\/10\/Captura-de-Pantalla-2023-10-27-a-las-9.54.02.png\" alt=\"\" class=\"wp-image-31066\" \/><noscript><img loading=\"lazy\" decoding=\"async\" width=\"1162\" height=\"402\" src=\"https:\/\/blogs.ugto.mx\/rea\/wp-content\/uploads\/sites\/71\/2023\/10\/Captura-de-Pantalla-2023-10-27-a-las-9.54.02.png\" alt=\"\" class=\"wp-image-31066\" srcset=\"https:\/\/blogs.ugto.mx\/rea\/wp-content\/uploads\/sites\/71\/2023\/10\/Captura-de-Pantalla-2023-10-27-a-las-9.54.02.png 1162w, https:\/\/blogs.ugto.mx\/rea\/wp-content\/uploads\/sites\/71\/2023\/10\/Captura-de-Pantalla-2023-10-27-a-las-9.54.02-300x104.png 300w, https:\/\/blogs.ugto.mx\/rea\/wp-content\/uploads\/sites\/71\/2023\/10\/Captura-de-Pantalla-2023-10-27-a-las-9.54.02-1024x354.png 1024w, https:\/\/blogs.ugto.mx\/rea\/wp-content\/uploads\/sites\/71\/2023\/10\/Captura-de-Pantalla-2023-10-27-a-las-9.54.02-768x266.png 768w\" sizes=\"auto, (max-width: 1162px) 100vw, 1162px\" \/><\/noscript><figcaption class=\"wp-element-caption\"><strong>Tabla 1. <\/strong>Factor Rhesus de los grupos sangu\u00edneos. Teor\u00eda de alelos m\u00faltiples.&nbsp; MATPRAC. Biolog\u00eda | Herencia No Mendeliana.<\/figcaption><\/figure>\n<\/div>\n\n\n<div style=\"height:10px\" aria-hidden=\"true\" class=\"wp-block-spacer\"><\/div>\n\n\n\n<div class=\"wp-block-columns is-layout-flex wp-container-core-columns-is-layout-8f761849 wp-block-columns-is-layout-flex\">\n<div class=\"wp-block-column is-vertically-aligned-center is-layout-flow wp-block-column-is-layout-flow\">\n<h4 class=\"wp-block-heading\">Herencia ligada al g\u00e9nero<\/h4>\n\n\n\n<p class=\"wp-block-paragraph\">En la especie humana los&nbsp;cromosomas sexuales&nbsp;son el X, Y; el sexo masculino contiene un par XY y el sexo femenino un par XX.&nbsp;<\/p>\n\n\n\n<p class=\"wp-block-paragraph\">En la especie humana en cada c\u00e9lula som\u00e1tica contiene 22 pares de&nbsp;autosomas&nbsp;m\u00e1s un par XX para el sexo femenino y un par XY para el sexo masculino.<\/p>\n<\/div>\n<\/div>\n\n\n\n<div class=\"wp-block-columns are-vertically-aligned-center is-layout-flex wp-container-core-columns-is-layout-8f761849 wp-block-columns-is-layout-flex\">\n<div class=\"wp-block-column is-vertically-aligned-center is-layout-flow wp-block-column-is-layout-flow\"><div class=\"wp-block-image\">\n<figure class=\"aligncenter size-full\"><img decoding=\"async\" src=\"data:image\/gif;base64,R0lGODlhAQABAIAAAAAAAP\/\/\/yH5BAEAAAAALAAAAAABAAEAAAIBRAA7\" data-src=\"https:\/\/blogs.ugto.mx\/rea\/wp-content\/uploads\/sites\/71\/2023\/10\/Captura-de-Pantalla-2023-10-26-a-las-13.46.16.png\" alt=\"\" class=\"wp-image-31068\" \/><noscript><img loading=\"lazy\" decoding=\"async\" width=\"620\" height=\"465\" src=\"https:\/\/blogs.ugto.mx\/rea\/wp-content\/uploads\/sites\/71\/2023\/10\/Captura-de-Pantalla-2023-10-26-a-las-13.46.16.png\" alt=\"\" class=\"wp-image-31068\" srcset=\"https:\/\/blogs.ugto.mx\/rea\/wp-content\/uploads\/sites\/71\/2023\/10\/Captura-de-Pantalla-2023-10-26-a-las-13.46.16.png 620w, https:\/\/blogs.ugto.mx\/rea\/wp-content\/uploads\/sites\/71\/2023\/10\/Captura-de-Pantalla-2023-10-26-a-las-13.46.16-300x225.png 300w\" sizes=\"auto, (max-width: 620px) 100vw, 620px\" \/><\/noscript><figcaption class=\"wp-element-caption\"><strong>Imagen 9.<\/strong> Imagen de apoyo para identificar los pares de cromosomas: autosomas y par sexual. El arte de la vida es la biolog\u00eda: Blog.<\/figcaption><\/figure>\n<\/div><\/div>\n<\/div>\n\n\n\n<div class=\"wp-block-columns is-layout-flex wp-container-core-columns-is-layout-8f761849 wp-block-columns-is-layout-flex\">\n<div class=\"wp-block-column is-vertically-aligned-center is-layout-flow wp-block-column-is-layout-flow\"><div class=\"wp-block-image\">\n<figure class=\"aligncenter size-full is-resized\"><img decoding=\"async\" src=\"data:image\/gif;base64,R0lGODlhAQABAIAAAAAAAP\/\/\/yH5BAEAAAAALAAAAAABAAEAAAIBRAA7\" data-src=\"https:\/\/blogs.ugto.mx\/rea\/wp-content\/uploads\/sites\/71\/2023\/10\/Captura-de-Pantalla-2023-10-26-a-las-13.46.33.png\" alt=\"\" class=\"wp-image-31071\" style=\"aspect-ratio:1.0034722222222223;width:382px;height:auto\" \/><noscript><img loading=\"lazy\" decoding=\"async\" width=\"578\" height=\"576\" src=\"https:\/\/blogs.ugto.mx\/rea\/wp-content\/uploads\/sites\/71\/2023\/10\/Captura-de-Pantalla-2023-10-26-a-las-13.46.33.png\" alt=\"\" class=\"wp-image-31071\" style=\"aspect-ratio:1.0034722222222223;width:382px;height:auto\" srcset=\"https:\/\/blogs.ugto.mx\/rea\/wp-content\/uploads\/sites\/71\/2023\/10\/Captura-de-Pantalla-2023-10-26-a-las-13.46.33.png 578w, https:\/\/blogs.ugto.mx\/rea\/wp-content\/uploads\/sites\/71\/2023\/10\/Captura-de-Pantalla-2023-10-26-a-las-13.46.33-300x300.png 300w, https:\/\/blogs.ugto.mx\/rea\/wp-content\/uploads\/sites\/71\/2023\/10\/Captura-de-Pantalla-2023-10-26-a-las-13.46.33-150x150.png 150w\" sizes=\"auto, (max-width: 578px) 100vw, 578px\" \/><\/noscript><figcaption class=\"wp-element-caption\"><strong>Imagen 10. <\/strong>Cromosomas sexuales. Herencia no mendeliana: alelos m\u00faltiples.&nbsp;<br>Obtenido del portal acad\u00e9mico CCH UNAM.<\/figcaption><\/figure>\n<\/div><\/div>\n\n\n\n<div class=\"wp-block-column is-vertically-aligned-center is-layout-flow wp-block-column-is-layout-flow\">\n<p class=\"wp-block-paragraph\">Las mujeres s\u00f3lo producen&nbsp;un solo tipo de \u00f3vulo&nbsp;con 22 autosomas y un \u00fanico cromosoma sexual&nbsp;X.&nbsp;<\/p>\n\n\n\n<p class=\"wp-block-paragraph\">Los varones formar\u00e1n&nbsp;dos tipos de espermatozoides, 50% ser\u00e1n portadores de un cromosoma X y el 50% de un cromosoma Y.<\/p>\n\n\n\n<p class=\"wp-block-paragraph\">Si el gameto que fecunda al \u00f3vulo lleva el cromosoma Y determina el sexo masculino del nuevo ser.&nbsp;<br>Este cromosoma est\u00e1 casi vac\u00edo de genes, pero lleva suficiente informaci\u00f3n gen\u00e9tica para el desarrollo sexual masculino.<\/p>\n\n\n\n<p class=\"wp-block-paragraph\">Si el gameto que fecunda al \u00f3vulo lleva el cromosoma X, determina el sexo femenino.&nbsp;Adem\u00e1s de portar genes que determinan el sexo femenino&nbsp;es portador de una serie de genes que determinan otras caracter\u00edsticas, por lo cual se dice que est\u00e1n ligadas al sexo.<\/p>\n<\/div>\n<\/div>\n\n\n\n<p class=\"wp-block-paragraph\">A continuaci\u00f3n, veremos el ejemplo hereditario de dos enfermedades relacionadas a la herencia ligada al g\u00e9nero:<\/p>\n\n\n<div class=\"h5p-iframe-wrapper\"><iframe id=\"h5p-iframe-652\" class=\"h5p-iframe\" data-content-id=\"652\" style=\"height:1px\" src=\"about:blank\" frameBorder=\"0\" scrolling=\"no\" title=\"Enfermedades relacionadas a la herencia ligada al g\u00e9nero\"><\/iframe><\/div>\n\n\n\n<h2 class=\"wp-block-heading\" id=\"conclusion\"><br>Conclusi\u00f3n<\/h2>\n\n\n\n<p class=\"wp-block-paragraph\">En esta lecci\u00f3n, hemos explorado las fascinantes complejidades de la gen\u00e9tica, comenzando con los revolucionarios trabajos de Gregor Mendel, que marcaron los cimientos de esta ciencia. A lo largo de nuestra traves\u00eda, hemos aprendido que la gen\u00e9tica es un campo en constante evoluci\u00f3n, donde numerosos cient\u00edficos han realizado contribuciones valiosas que van m\u00e1s all\u00e1 de las tres leyes de Mendel.<\/p>\n\n\n\n<p class=\"wp-block-paragraph\">Las herencias no mendelianas, como la dominancia incompleta, la codominancia y los alelos m\u00faltiples, nos han revelado que la gen\u00e9tica es mucho m\u00e1s rica y diversa de lo que Mendel pudo haber imaginado inicialmente. En la dominancia incompleta, hemos visto c\u00f3mo dos l\u00edneas puras homocigotas pueden dar lugar a un tercer fenotipo heterocigoto que representa una mezcla de caracter\u00edsticas parentales. Por otro lado, la codominancia nos ha mostrado c\u00f3mo dos fenotipos homocigotos coexisten sin mezclarse, expres\u00e1ndose ambos en el individuo heterocigoto.<\/p>\n\n\n\n<p class=\"wp-block-paragraph\">El concepto de alelos m\u00faltiples nos ha llevado a comprender que, en algunas poblaciones, m\u00e1s de dos alelos pueden influir en la expresi\u00f3n de un rasgo, como en el sistema de grupos sangu\u00edneos ABO. Adem\u00e1s, hemos explorado c\u00f3mo el factor Rhesus en la sangre tambi\u00e9n desempe\u00f1a un papel importante en la determinaci\u00f3n del tipo sangu\u00edneo.<\/p>\n\n\n\n<p class=\"wp-block-paragraph\">Finalmente, hemos abordado la herencia ligada al g\u00e9nero, donde los cromosomas sexuales X e Y determinan el sexo y pueden transportar genes de enfermedades. Esto nos ha permitido comprender c\u00f3mo las mujeres pueden ser portadoras de enfermedades gen\u00e9ticas relacionadas con el cromosoma X, mientras que los hombres, al tener solo un cromosoma X, pueden ser afectados por estas enfermedades.<\/p>\n\n\n\n<p class=\"wp-block-paragraph\">En conjunto, estas lecciones nos han enriquecido con un entendimiento m\u00e1s profundo de c\u00f3mo se transmiten las caracter\u00edsticas hereditarias en las poblaciones de seres vivos. Esperamos que este contenido haya fortalecido tu comprensi\u00f3n de la gen\u00e9tica y su importancia en la biolog\u00eda, as\u00ed como en la vida cotidiana.<\/p>\n\n\n\n<h2 class=\"wp-block-heading\" id=\"fuentes-de-informacion\">Fuentes de informaci\u00f3n<\/h2>\n\n\n\n<ul class=\"wp-block-list\">\n<li>MATPRAC (sf.) Biolog\u00eda | Herencia No Mendeliana. Disponible en URL: https:\/\/www.youtube.com\/watch?v=DTI-_rvLhYk<\/li>\n\n\n\n<li>CURIOSAMENTE (sf.) \u00bfPor qu\u00e9 nos parecemos a nuestros pap\u00e1s? La Gen\u00e9tica. Disponible en URL: <a href=\"https:\/\/www.youtube.com\/watch?v=axSh_Gl5GVo\">https:\/\/www.youtube.com\/watch?v=axSh_Gl5GVo<\/a><\/li>\n\n\n\n<li>Delgado, A. O. (1997). La controversia entre herencia \u0443 ambiente. Aportaciones de la gen\u00e9tica de la conducta. Apuntes de Psicolog\u00eda, 51, 21-37.<\/li>\n\n\n\n<li>UNAM (2023) Portal acad\u00e9mico CCH UMAN. \u201cHerencia no mendeliana: dominancia incompleta\u201d. Disponible en URL: <a href=\"https:\/\/e1.portalacademico.cch.unam.mx\/alumno\/biologia1\/unidad3\/ingenieriagenetica\/herenciaNoMendeliana\/dominanciaIncompleta\" target=\"_blank\" rel=\"noreferrer noopener nofollow\">https:\/\/e1.portalacademico.cch.unam.mx\/alumno\/biologia1\/unidad3\/ingenieriagenetica\/herenciaNoMendeliana\/dominanciaIncompleta<\/a><\/li>\n\n\n\n<li>UNAM (2023) Portal acad\u00e9mico CCH UMAN. \u201cHerencia no mendeliana: codominancia\u201d. Disponible en URL: <a href=\"https:\/\/e1.portalacademico.cch.unam.mx\/alumno\/biologia1\/unidad3\/ingenieriagenetica\/herenciaNoMendeliana\/condominancia\" target=\"_blank\" rel=\"noreferrer noopener nofollow\">https:\/\/e1.portalacademico.cch.unam.mx\/alumno\/biologia1\/unidad3\/ingenieriagenetica\/herenciaNoMendeliana\/condominancia<\/a><\/li>\n\n\n\n<li>UNAM (2023) Portal acad\u00e9mico CCH UMAN. \u201cHerencia no mendeliana: alelos m\u00faltiples\u201d. Disponible en URL: <a href=\"https:\/\/e1.portalacademico.cch.unam.mx\/alumno\/biologia1\/unidad3\/ingenieriagenetica\/herenciaNoMendeliana\/alelosMultiples\" target=\"_blank\" rel=\"noreferrer noopener nofollow\">https:\/\/e1.portalacademico.cch.unam.mx\/alumno\/biologia1\/unidad3\/ingenieriagenetica\/herenciaNoMendeliana\/alelosMultiples<\/a><\/li>\n\n\n\n<li>UNAM (2023) Portal acad\u00e9mico CCH UMAN. \u201cHerencia no mendeliana: herencia ligada al sexo\u201d. Disponible en URL: <a href=\"https:\/\/e1.portalacademico.cch.unam.mx\/alumno\/biologia1\/unidad3\/ingenieriagenetica\/herenciaNoMendeliana\/herenciaLigadaSexo\" target=\"_blank\" rel=\"noreferrer noopener nofollow\">https:\/\/e1.portalacademico.cch.unam.mx\/alumno\/biologia1\/unidad3\/ingenieriagenetica\/herenciaNoMendeliana\/herenciaLigadaSexo<\/a><\/li>\n\n\n\n<li>Rivas, P. (2011) Tipos de sangre: donaci\u00f3n de sangre. Presentaci\u00f3n de estudiante de la facultad de medicina de la UNAM. Disponible en Slideshare, en URL: <a href=\"https:\/\/es.slideshare.net\/pau0308\/tipos-de-sangre\" target=\"_blank\" rel=\"noreferrer noopener nofollow\">https:\/\/es.slideshare.net\/pau0308\/tipos-de-sangre<\/a><\/li>\n\n\n\n<li>Moreno., V. (2019) El arte de la vida es la biolog\u00eda. \u201cHerencia ligada al sexo\u201d. Blog. Disponible en URL: <a href=\"https:\/\/mirincondelavida.blogspot.com\/2019\" target=\"_blank\" rel=\"noreferrer noopener nofollow\">https:\/\/mirincondelavida.blogspot.com\/2019<\/a><\/li>\n<\/ul>\n","protected":false},"excerpt":{"rendered":"<p>Introducci\u00f3n En los pioneros trabajos de experimentaci\u00f3n realizados por Gregor Mendel con guisantes, se enfoc\u00f3 en la descripci\u00f3n de dos tipos fundamentales de genes y sus respectivas combinaciones: los genes dominantes y los genes recesivos. Estos hallazgos marcaron el inicio de una revoluci\u00f3n en nuestra comprensi\u00f3n de la herencia gen\u00e9tica, sentando las bases para lo &#8230; <a title=\"Clase digital 4. Leyes de herencia no mendeliana: dominancia incompleta, codominancia, alelos m\u00faltiples y herencia ligada al g\u00e9nero\" class=\"read-more\" href=\"https:\/\/blogs.ugto.mx\/rea\/clase-digital-4-leyes-de-herencia-no-mendeliana-dominancia-incompleta-codominancia-alelos-multiples-y-herencia-ligada-al-genero\/\" aria-label=\"Leer m\u00e1s sobre Clase digital 4. Leyes de herencia no mendeliana: dominancia incompleta, codominancia, alelos m\u00faltiples y herencia ligada al g\u00e9nero\">Leer m\u00e1s<\/a><\/p>\n","protected":false},"author":142,"featured_media":0,"comment_status":"closed","ping_status":"closed","sticky":false,"template":"","format":"standard","meta":{"_acf_changed":false,"_crdt_document":"","episode_type":"","audio_file":"","podmotor_file_id":"","podmotor_episode_id":"","cover_image":"","cover_image_id":"","duration":"","filesize":"","filesize_raw":"","date_recorded":"","explicit":"","block":"","itunes_episode_number":"","itunes_title":"","itunes_season_number":"","itunes_episode_type":"","footnotes":""},"categories":[180,191,780,220],"tags":[41,784,785],"class_list":["post-30024","post","type-post","status-publish","format-standard","hentry","category-cideap","category-ciencias-fisicas-ciencias-naturales-matematicas-y-estadisticas","category-curso-herencia-y-genetica","category-temas-especializados","tag-clase-digital","tag-diana-guadalupe-palomino-juarez","tag-edne01672"],"acf":[],"jetpack_featured_media_url":"","_links":{"self":[{"href":"https:\/\/blogs.ugto.mx\/rea\/wp-json\/wp\/v2\/posts\/30024","targetHints":{"allow":["GET"]}}],"collection":[{"href":"https:\/\/blogs.ugto.mx\/rea\/wp-json\/wp\/v2\/posts"}],"about":[{"href":"https:\/\/blogs.ugto.mx\/rea\/wp-json\/wp\/v2\/types\/post"}],"author":[{"embeddable":true,"href":"https:\/\/blogs.ugto.mx\/rea\/wp-json\/wp\/v2\/users\/142"}],"replies":[{"embeddable":true,"href":"https:\/\/blogs.ugto.mx\/rea\/wp-json\/wp\/v2\/comments?post=30024"}],"version-history":[{"count":11,"href":"https:\/\/blogs.ugto.mx\/rea\/wp-json\/wp\/v2\/posts\/30024\/revisions"}],"predecessor-version":[{"id":31127,"href":"https:\/\/blogs.ugto.mx\/rea\/wp-json\/wp\/v2\/posts\/30024\/revisions\/31127"}],"wp:attachment":[{"href":"https:\/\/blogs.ugto.mx\/rea\/wp-json\/wp\/v2\/media?parent=30024"}],"wp:term":[{"taxonomy":"category","embeddable":true,"href":"https:\/\/blogs.ugto.mx\/rea\/wp-json\/wp\/v2\/categories?post=30024"},{"taxonomy":"post_tag","embeddable":true,"href":"https:\/\/blogs.ugto.mx\/rea\/wp-json\/wp\/v2\/tags?post=30024"}],"curies":[{"name":"wp","href":"https:\/\/api.w.org\/{rel}","templated":true}]}}