{"id":30710,"date":"2023-11-13T17:23:21","date_gmt":"2023-11-13T17:23:21","guid":{"rendered":"https:\/\/blogs.ugto.mx\/rea\/?p=30710"},"modified":"2023-11-13T17:23:22","modified_gmt":"2023-11-13T17:23:22","slug":"guia-didactica-el-gerente-publico-y-los-desafios-en-la-administracion-publica-de-mexico","status":"publish","type":"post","link":"https:\/\/blogs.ugto.mx\/rea\/guia-didactica-el-gerente-publico-y-los-desafios-en-la-administracion-publica-de-mexico\/","title":{"rendered":"Gu\u00eda did\u00e1ctica El gerente p\u00fablico y los desaf\u00edos en la Administraci\u00f3n P\u00fablica de M\u00e9xico"},"content":{"rendered":"\n\n\n<div class=\"wp-block-cover\" style=\"min-height:284px;aspect-ratio:unset;\"><span aria-hidden=\"true\" class=\"wp-block-cover__background has-background-dim-30 has-background-dim\"><\/span><img decoding=\"async\" class=\"wp-block-cover__image-background wp-image-31186\" alt=\"a close up of a keyboard and a mouse\" src=\"data:image\/gif;base64,R0lGODlhAQABAIAAAAAAAP\/\/\/yH5BAEAAAAALAAAAAABAAEAAAIBRAA7\" data-src=\"https:\/\/blogs.ugto.mx\/rea\/wp-content\/uploads\/sites\/71\/2023\/11\/h63fledowk8.jpg\" data-object-fit=\"cover\" \/><noscript><img loading=\"lazy\" decoding=\"async\" width=\"960\" height=\"1200\" class=\"wp-block-cover__image-background wp-image-31186\" alt=\"a close up of a keyboard and a mouse\" src=\"https:\/\/blogs.ugto.mx\/rea\/wp-content\/uploads\/sites\/71\/2023\/11\/h63fledowk8.jpg\" data-object-fit=\"cover\" srcset=\"https:\/\/blogs.ugto.mx\/rea\/wp-content\/uploads\/sites\/71\/2023\/11\/h63fledowk8.jpg 960w, https:\/\/blogs.ugto.mx\/rea\/wp-content\/uploads\/sites\/71\/2023\/11\/h63fledowk8-240x300.jpg 240w, https:\/\/blogs.ugto.mx\/rea\/wp-content\/uploads\/sites\/71\/2023\/11\/h63fledowk8-819x1024.jpg 819w, https:\/\/blogs.ugto.mx\/rea\/wp-content\/uploads\/sites\/71\/2023\/11\/h63fledowk8-768x960.jpg 768w\" sizes=\"auto, (max-width: 960px) 100vw, 960px\" \/><\/noscript><div class=\"wp-block-cover__inner-container is-layout-flow wp-block-cover-is-layout-flow\">\n<p class=\"has-text-align-center has-base-3-color has-text-color has-large-font-size wp-block-paragraph\">El gerente p\u00fablico y los desaf\u00edos en la Administraci\u00f3n P\u00fablica de M\u00e9xico<\/p>\n<\/div><\/div>\n\n\n\n<h2 class=\"wp-block-heading\" id=\"fundamentacion\">Fundamentaci\u00f3n <\/h2>\n\n\n\n<p class=\"wp-block-paragraph\">La administraci\u00f3n p\u00fablica en M\u00e9xico ha experimentado cambios y ajustes significativos, impulsados por el entorno nacional e internacional, con un enfoque en la modernizaci\u00f3n, la simplificaci\u00f3n administrativa, la eficiencia y la transparencia. En este contexto, presentamos el micro-curso titulado \u00abEl Gerente P\u00fablico y los Desaf\u00edos en la Administraci\u00f3n P\u00fablica de M\u00e9xico\u00bb, dise\u00f1ado para brindar a los estudiantes un conjunto de conocimientos y definiciones esenciales sobre la Burocracia y los principios de la Nueva Gesti\u00f3n P\u00fablica (NGP), con la ayuda de fuentes complementarias, diagramas y videos.<\/p>\n\n\n\n<p class=\"wp-block-paragraph\">Este micro-curso tiene como objetivo principal capacitar a los futuros administradores p\u00fablicos, identificando los desaf\u00edos clave que enfrentar\u00e1n al completar el Programa Educativo (PE). Al analizar tanto las deficiencias inherentes al modelo burocr\u00e1tico como las directrices establecidas por la NGP, los participantes estar\u00e1n mejor preparados para abordar las demandas cambiantes de la administraci\u00f3n p\u00fablica en M\u00e9xico.<\/p>\n\n\n\n<p class=\"wp-block-paragraph\">Es fundamental reconocer la importancia de formar a los estudiantes desde el principio en los conocimientos y habilidades necesarios para afrontar los retos de la NGP. En este nuevo contexto, la creaci\u00f3n de valor p\u00fablico se convierte en el criterio fundamental para evaluar si un Gerente P\u00fablico est\u00e1 contribuyendo de manera efectiva a la ciudadan\u00eda.<\/p>\n\n\n\n<h2 class=\"wp-block-heading\" id=\"competencia-general\">Competencia general<\/h2>\n\n\n\n<p class=\"wp-block-paragraph\">Identificar cu\u00e1l es el perfil deseable de un gerente p\u00fablico frente a los desaf\u00edos actuales de la Administraci\u00f3n P\u00fablica Mexicana, a trav\u00e9s del an\u00e1lisis de las fallas del modelo burocr\u00e1tico y las directrices de la Nueva Gesti\u00f3n P\u00fablica con miras a la creaci\u00f3n de valor p\u00fablico.<\/p>\n\n\n\n<h2 class=\"wp-block-heading\" id=\"contenidos-tematicos\">Contenidos tem\u00e1ticos<\/h2>\n\n\n\n<ol class=\"wp-block-list\">\n<li>El modelo burocr\u00e1tico y sus fallas.<\/li>\n\n\n\n<li>\u00bfQu\u00e9 dicta la Nueva Gesti\u00f3n P\u00fablica para las Administraciones P\u00fablicas Mexicanas?<\/li>\n\n\n\n<li>La figura del Gerente P\u00fablico como pieza clave del cambio hacia la NGP.\u00a0<\/li>\n\n\n\n<li>Generaci\u00f3n de valor p\u00fablico, la meta de los gerentes p\u00fablicos.<\/li>\n<\/ol>\n\n\n\n<h2 class=\"wp-block-heading\">Metodolog\u00eda del trabajo<\/h2>\n\n\n\n<p class=\"wp-block-paragraph\">Para el trabajo a distancia mediante la plataforma de educaci\u00f3n se deber\u00e1 considerar lo siguiente:<\/p>\n\n\n\n<ul class=\"wp-block-list\">\n<li><strong>Materiales:<\/strong> se encontrar\u00e1n en el ambiente digital de aprendizaje referencia a lecturas, videos y otros recursos did\u00e1cticos complementarios.<\/li>\n\n\n\n<li><strong>Interacci\u00f3n en plataforma:<\/strong> se podr\u00e1n utilizar herramientas de comunicaci\u00f3n como foros para el an\u00e1lisis de las tem\u00e1ticas planteadas.<\/li>\n\n\n\n<li><strong>Actividades:<\/strong> se establecer\u00e1n consignas que servir\u00e1n de evidencia de los aprendizajes del estudiante.<\/li>\n\n\n\n<li><strong>Seguimiento del participante:<\/strong> el seguimiento ser\u00e1 constante, con el objetivo de acompa\u00f1ar y sostener el aprendizaje.<\/li>\n<\/ul>\n\n\n\n<h2 class=\"wp-block-heading\" id=\"criterios-de-evaluacion\">Criterios de evaluaci\u00f3n<\/h2>\n\n\n\n<p class=\"wp-block-paragraph\">Los criterios de evaluaci\u00f3n son los siguientes:<\/p>\n\n\n\n<ul class=\"wp-block-list\">\n<li>Claridad en la expresi\u00f3n evitando sobre y malos entendidos.<\/li>\n\n\n\n<li>Se observar\u00e1 el nivel de pertinencia del participante, sus posibilidades para aportar conceptos, dudas y comentarios.<\/li>\n\n\n\n<li>Se prestar\u00e1 especial inter\u00e9s al nivel de disposici\u00f3n a la tarea y compromiso con el aprendizaje.<\/li>\n\n\n\n<li>La evaluaci\u00f3n mantendr\u00e1 un enfoque hol\u00edstico que involucre lo cuantitativo y cualitativo.<\/li>\n\n\n\n<li>El 100% de la calificaci\u00f3n se basar\u00e1 en el desempe\u00f1o, entregables y las pruebas de conocimiento.<\/li>\n<\/ul>\n\n\n\n<p class=\"wp-block-paragraph\">Para aprobar es necesario cumplir en tiempo y forma los siguientes requisitos durante el desarrollo del curso:<\/p>\n\n\n\n<ul class=\"wp-block-list\">\n<li>Lectura reflexiva de los materiales.<\/li>\n\n\n\n<li>Participaci\u00f3n activa y pertinente en las actividades que as\u00ed lo especifiquen.<\/li>\n\n\n\n<li>Resoluci\u00f3n de las pruebas te\u00f3ricas que apliquen.<\/li>\n<\/ul>\n\n\n\n<h2 class=\"wp-block-heading\" id=\"creditos\">Cr\u00e9ditos <\/h2>\n\n\n\n<figure class=\"wp-block-table\"><table class=\"has-fixed-layout\"><thead><tr><th class=\"has-text-align-center\" data-align=\"center\">AUTORA<\/th><th class=\"has-text-align-center\" data-align=\"center\"><strong>DESARROLLO Y PRODUCCI\u00d3N<\/strong><\/th><\/tr><\/thead><tbody><tr><td class=\"has-text-align-center\" data-align=\"center\">Mar\u00eda Fernanda Betanzos Guti\u00e9rrez\u00a0<\/td><td class=\"has-text-align-center\" data-align=\"center\">SEDigital<strong><br><\/strong>(Sistema de Educaci\u00f3n Digital)<\/td><\/tr><\/tbody><\/table><\/figure>\n\n\n\n<p class=\"wp-block-paragraph\"><\/p>\n","protected":false},"excerpt":{"rendered":"<p>Fundamentaci\u00f3n La administraci\u00f3n p\u00fablica en M\u00e9xico ha experimentado cambios y ajustes significativos, impulsados por el entorno nacional e internacional, con un enfoque en la modernizaci\u00f3n, la simplificaci\u00f3n administrativa, la eficiencia y la transparencia. En este contexto, presentamos el micro-curso titulado \u00abEl Gerente P\u00fablico y los Desaf\u00edos en la Administraci\u00f3n P\u00fablica de M\u00e9xico\u00bb, dise\u00f1ado para brindar &#8230; <a title=\"Gu\u00eda did\u00e1ctica El gerente p\u00fablico y los desaf\u00edos en la Administraci\u00f3n P\u00fablica de M\u00e9xico\" class=\"read-more\" href=\"https:\/\/blogs.ugto.mx\/rea\/guia-didactica-el-gerente-publico-y-los-desafios-en-la-administracion-publica-de-mexico\/\" aria-label=\"Leer m\u00e1s sobre Gu\u00eda did\u00e1ctica El gerente p\u00fablico y los desaf\u00edos en la Administraci\u00f3n P\u00fablica de M\u00e9xico\">Leer m\u00e1s<\/a><\/p>\n","protected":false},"author":142,"featured_media":0,"comment_status":"closed","ping_status":"closed","sticky":false,"template":"","format":"standard","meta":{"_acf_changed":false,"_crdt_document":"","episode_type":"","audio_file":"","podmotor_file_id":"","podmotor_episode_id":"","cover_image":"","cover_image_id":"","duration":"","filesize":"","filesize_raw":"","date_recorded":"","explicit":"","block":"","itunes_episode_number":"","itunes_title":"","itunes_season_number":"","itunes_episode_type":"","footnotes":""},"categories":[186,180,805,197],"tags":[39,808],"class_list":["post-30710","post","type-post","status-publish","format-standard","hentry","category-administracion-negocios-y-legislacion","category-cideap","category-curso-el-gerente-publico-y-los-desafios-en-la-administracion-publica-de-mexico","category-emprendimiento-y-mercadotecnia","tag-guia-didactica","tag-maria-fernanda-betanzos-gutierrez"],"acf":[],"jetpack_featured_media_url":"","_links":{"self":[{"href":"https:\/\/blogs.ugto.mx\/rea\/wp-json\/wp\/v2\/posts\/30710","targetHints":{"allow":["GET"]}}],"collection":[{"href":"https:\/\/blogs.ugto.mx\/rea\/wp-json\/wp\/v2\/posts"}],"about":[{"href":"https:\/\/blogs.ugto.mx\/rea\/wp-json\/wp\/v2\/types\/post"}],"author":[{"embeddable":true,"href":"https:\/\/blogs.ugto.mx\/rea\/wp-json\/wp\/v2\/users\/142"}],"replies":[{"embeddable":true,"href":"https:\/\/blogs.ugto.mx\/rea\/wp-json\/wp\/v2\/comments?post=30710"}],"version-history":[{"count":2,"href":"https:\/\/blogs.ugto.mx\/rea\/wp-json\/wp\/v2\/posts\/30710\/revisions"}],"predecessor-version":[{"id":31187,"href":"https:\/\/blogs.ugto.mx\/rea\/wp-json\/wp\/v2\/posts\/30710\/revisions\/31187"}],"wp:attachment":[{"href":"https:\/\/blogs.ugto.mx\/rea\/wp-json\/wp\/v2\/media?parent=30710"}],"wp:term":[{"taxonomy":"category","embeddable":true,"href":"https:\/\/blogs.ugto.mx\/rea\/wp-json\/wp\/v2\/categories?post=30710"},{"taxonomy":"post_tag","embeddable":true,"href":"https:\/\/blogs.ugto.mx\/rea\/wp-json\/wp\/v2\/tags?post=30710"}],"curies":[{"name":"wp","href":"https:\/\/api.w.org\/{rel}","templated":true}]}}