{"id":30752,"date":"2023-11-30T14:48:43","date_gmt":"2023-11-30T14:48:43","guid":{"rendered":"https:\/\/blogs.ugto.mx\/rea\/?p=30752"},"modified":"2023-11-30T14:48:44","modified_gmt":"2023-11-30T14:48:44","slug":"guia-didactica-alfabetizacion-digital-para-los-negocios-fundamentos-y-herramientas","status":"publish","type":"post","link":"https:\/\/blogs.ugto.mx\/rea\/guia-didactica-alfabetizacion-digital-para-los-negocios-fundamentos-y-herramientas\/","title":{"rendered":"Gu\u00eda did\u00e1ctica Alfabetizaci\u00f3n digital para los negocios: Fundamentos y herramientas"},"content":{"rendered":"\n\n\n<div class=\"wp-block-cover\" style=\"min-height:284px;aspect-ratio:unset;\"><span aria-hidden=\"true\" class=\"wp-block-cover__background has-contrast-background-color has-background-dim-10 has-background-dim\"><\/span><img decoding=\"async\" class=\"wp-block-cover__image-background wp-image-31700\" alt=\"black iPad and white Apple Pencil on gray table\" src=\"data:image\/gif;base64,R0lGODlhAQABAIAAAAAAAP\/\/\/yH5BAEAAAAALAAAAAABAAEAAAIBRAA7\" data-src=\"https:\/\/blogs.ugto.mx\/rea\/wp-content\/uploads\/sites\/71\/2023\/11\/15lqr2qttqu.jpg\" style=\"object-position:64% 44%\" data-object-fit=\"cover\" data-object-position=\"64% 44%\" \/><noscript><img loading=\"lazy\" decoding=\"async\" width=\"789\" height=\"1200\" class=\"wp-block-cover__image-background wp-image-31700\" alt=\"black iPad and white Apple Pencil on gray table\" src=\"https:\/\/blogs.ugto.mx\/rea\/wp-content\/uploads\/sites\/71\/2023\/11\/15lqr2qttqu.jpg\" style=\"object-position:64% 44%\" data-object-fit=\"cover\" data-object-position=\"64% 44%\" srcset=\"https:\/\/blogs.ugto.mx\/rea\/wp-content\/uploads\/sites\/71\/2023\/11\/15lqr2qttqu.jpg 789w, https:\/\/blogs.ugto.mx\/rea\/wp-content\/uploads\/sites\/71\/2023\/11\/15lqr2qttqu-197x300.jpg 197w, https:\/\/blogs.ugto.mx\/rea\/wp-content\/uploads\/sites\/71\/2023\/11\/15lqr2qttqu-673x1024.jpg 673w, https:\/\/blogs.ugto.mx\/rea\/wp-content\/uploads\/sites\/71\/2023\/11\/15lqr2qttqu-768x1168.jpg 768w\" sizes=\"auto, (max-width: 789px) 100vw, 789px\" \/><\/noscript><div class=\"wp-block-cover__inner-container is-layout-flow wp-block-cover-is-layout-flow\">\n<p class=\"has-text-align-center has-base-3-color has-text-color has-large-font-size wp-block-paragraph\">Alfabetizaci\u00f3n digital para los negocios: <br>Fundamentos y herramientas<\/p>\n<\/div><\/div>\n\n\n\n<h2 class=\"wp-block-heading\" id=\"fundamentacion\">Fundamentaci\u00f3n <\/h2>\n\n\n\n<p class=\"wp-block-paragraph\">En la era actual, las Tecnolog\u00edas de la Informaci\u00f3n y Comunicaci\u00f3n (TIC) desempe\u00f1an un papel esencial en el desarrollo y \u00e9xito de cualquier empresa. Los avances tecnol\u00f3gicos han revolucionado la manera en que se llevan a cabo las operaciones comerciales, abriendo un abanico de oportunidades para el crecimiento y la innovaci\u00f3n empresarial. En un entorno empresarial cada vez m\u00e1s digitalizado, aquellos profesionales que poseen competencias digitales tienen una ventaja competitiva innegable. Pueden adaptarse r\u00e1pidamente a los cambios tecnol\u00f3gicos, capitalizar las oportunidades digitales y enfrentar los desaf\u00edos que surgen en este nuevo paradigma.<\/p>\n\n\n\n<p class=\"wp-block-paragraph\">Por consiguiente, la alfabetizaci\u00f3n digital en el \u00e1mbito de los negocios se convierte en un pilar fundamental para los estudiantes que aspiran a triunfar en su futura carrera empresarial. Esta capacitaci\u00f3n les dota de habilidades para el manejo de informaci\u00f3n, el uso efectivo de herramientas digitales, la comunicaci\u00f3n en el entorno digital, la implementaci\u00f3n de estrategias de marketing digital y la salvaguarda de datos sensibles. La Universidad de Guanajuato, como instituci\u00f3n educativa comprometida con la excelencia acad\u00e9mica, se ha propuesto la tarea de asegurar que a trav\u00e9s de sus programas de estudio y cursos especializados, sus alumnos est\u00e9n debidamente preparados con los conocimientos y habilidades necesarios para sobresalir en el entorno digital actual.<\/p>\n\n\n\n<p class=\"wp-block-paragraph\">En esta perspectiva, el presente curso est\u00e1 dirigido a estudiantes del segundo semestre de la carrera de Licenciatura en Contador P\u00fablico, en complemento a la Unidad de Aprendizaje \u00abInform\u00e1tica en los Negocios\u00bb. El objetivo primordial es dotar a los estudiantes de las competencias digitales esenciales para desenvolverse en el mundo empresarial del siglo XXI. Este curso busca proporcionar una comprensi\u00f3n profunda de c\u00f3mo utilizar las herramientas digitales para optimizar los procesos empresariales, adem\u00e1s de ense\u00f1ar las mejores pr\u00e1cticas para proteger la informaci\u00f3n empresarial confidencial y mitigar los riesgos cibern\u00e9ticos. La destinaci\u00f3n de este curso a los estudiantes de Contador P\u00fablico se justifica por la creciente importancia de las habilidades digitales en el \u00e1mbito contable y financiero, donde la precisi\u00f3n y la seguridad de los datos son cr\u00edticas.<\/p>\n\n\n\n<p class=\"wp-block-paragraph\">Estos ajustes han fortalecido la Fundamentaci\u00f3n al ampliar su contexto y enfatizar la relevancia de las habilidades digitales para los estudiantes de Contador P\u00fablico en la era actual. Tambi\u00e9n se ha aclarado qui\u00e9nes son los destinatarios de la experiencia de aprendizaje.<\/p>\n\n\n\n<h2 class=\"wp-block-heading\" id=\"competencia-general\">Competencia general<\/h2>\n\n\n\n<p class=\"wp-block-paragraph\">Integrar de manera efectiva los conocimientos relacionados con el uso de tecnolog\u00edas digitales en el entorno empresarial, aplicar procedimientos para mejorar la comunicaci\u00f3n, gestionar la informaci\u00f3n y salvaguardar la seguridad de los datos, y desarrollar una actitud proactiva hacia la adopci\u00f3n y adaptaci\u00f3n de las tecnolog\u00edas digitales en el \u00e1mbito empresarial, con el fin de potenciar el desempe\u00f1o y la competitividad en la carrera de Contador P\u00fablico.<\/p>\n\n\n\n<h2 class=\"wp-block-heading\" id=\"contenidos-tematicos\">Contenidos tem\u00e1ticos<\/h2>\n\n\n\n<ol class=\"wp-block-list\">\n<li>Introducci\u00f3n a la alfabetizaci\u00f3n digital en los negocios.<\/li>\n\n\n\n<li>Uso de herramientas digitales b\u00e1sicas.<\/li>\n\n\n\n<li>Seguridad digital y protecci\u00f3n de datos.<\/li>\n\n\n\n<li>Comunicaci\u00f3n y colaboraci\u00f3n digital.<\/li>\n<\/ol>\n\n\n\n<h2 class=\"wp-block-heading\">Metodolog\u00eda del trabajo<\/h2>\n\n\n\n<p class=\"wp-block-paragraph\">Para el trabajo a distancia mediante la plataforma de educaci\u00f3n se deber\u00e1 considerar lo siguiente:<\/p>\n\n\n\n<ul class=\"wp-block-list\">\n<li><strong>Materiales:<\/strong> se encontrar\u00e1n en el ambiente digital de aprendizaje referencia a lecturas, videos y otros recursos did\u00e1cticos complementarios.<\/li>\n\n\n\n<li><strong>Interacci\u00f3n en plataforma:<\/strong> se podr\u00e1n utilizar herramientas de comunicaci\u00f3n como foros para el an\u00e1lisis de las tem\u00e1ticas planteadas.<\/li>\n\n\n\n<li><strong>Actividades:<\/strong> se establecer\u00e1n consignas que servir\u00e1n de evidencia de los aprendizajes del estudiante.<\/li>\n\n\n\n<li><strong>Seguimiento del participante:<\/strong> el seguimiento ser\u00e1 constante, con el objetivo de acompa\u00f1ar y sostener el aprendizaje.<\/li>\n<\/ul>\n\n\n\n<h2 class=\"wp-block-heading\" id=\"criterios-de-evaluacion\">Criterios de evaluaci\u00f3n<\/h2>\n\n\n\n<p class=\"wp-block-paragraph\">Los criterios de evaluaci\u00f3n son los siguientes:<\/p>\n\n\n\n<ul class=\"wp-block-list\">\n<li>Claridad en la expresi\u00f3n evitando sobre y malos entendidos.<\/li>\n\n\n\n<li>Se observar\u00e1 el nivel de pertinencia del participante, sus posibilidades para aportar conceptos, dudas y comentarios.<\/li>\n\n\n\n<li>Se prestar\u00e1 especial inter\u00e9s al nivel de disposici\u00f3n a la tarea y compromiso con el aprendizaje.<\/li>\n\n\n\n<li>La evaluaci\u00f3n mantendr\u00e1 un enfoque hol\u00edstico que involucre lo cuantitativo y cualitativo.<\/li>\n\n\n\n<li>El 100% de la calificaci\u00f3n se basar\u00e1 en el desempe\u00f1o, entregables y las pruebas de conocimiento.<\/li>\n<\/ul>\n\n\n\n<p class=\"wp-block-paragraph\">Para aprobar es necesario cumplir en tiempo y forma los siguientes requisitos durante el desarrollo del curso:<\/p>\n\n\n\n<ul class=\"wp-block-list\">\n<li>Lectura reflexiva de los materiales.<\/li>\n\n\n\n<li>Participaci\u00f3n activa y pertinente en las actividades que as\u00ed lo especifiquen.<\/li>\n\n\n\n<li>Resoluci\u00f3n de las pruebas te\u00f3ricas que apliquen.<\/li>\n<\/ul>\n\n\n\n<h2 class=\"wp-block-heading\" id=\"creditos\">Cr\u00e9ditos <\/h2>\n\n\n\n<figure class=\"wp-block-table\"><table class=\"has-fixed-layout\"><thead><tr><th class=\"has-text-align-center\" data-align=\"center\">AUTOR<\/th><th class=\"has-text-align-center\" data-align=\"center\"><strong>DESARROLLO Y PRODUCCI\u00d3N<\/strong><\/th><\/tr><\/thead><tbody><tr><td class=\"has-text-align-center\" data-align=\"center\">Mart\u00edn Mata Soto<\/td><td class=\"has-text-align-center\" data-align=\"center\">SEDigital<strong><br><\/strong>(Sistema de Educaci\u00f3n Digital)<\/td><\/tr><\/tbody><\/table><\/figure>\n","protected":false},"excerpt":{"rendered":"<p>Fundamentaci\u00f3n En la era actual, las Tecnolog\u00edas de la Informaci\u00f3n y Comunicaci\u00f3n (TIC) desempe\u00f1an un papel esencial en el desarrollo y \u00e9xito de cualquier empresa. Los avances tecnol\u00f3gicos han revolucionado la manera en que se llevan a cabo las operaciones comerciales, abriendo un abanico de oportunidades para el crecimiento y la innovaci\u00f3n empresarial. En un &#8230; <a title=\"Gu\u00eda did\u00e1ctica Alfabetizaci\u00f3n digital para los negocios: Fundamentos y herramientas\" class=\"read-more\" href=\"https:\/\/blogs.ugto.mx\/rea\/guia-didactica-alfabetizacion-digital-para-los-negocios-fundamentos-y-herramientas\/\" aria-label=\"Leer m\u00e1s sobre Gu\u00eda did\u00e1ctica Alfabetizaci\u00f3n digital para los negocios: Fundamentos y herramientas\">Leer m\u00e1s<\/a><\/p>\n","protected":false},"author":142,"featured_media":0,"comment_status":"closed","ping_status":"closed","sticky":false,"template":"","format":"standard","meta":{"_acf_changed":false,"_crdt_document":"","episode_type":"","audio_file":"","podmotor_file_id":"","podmotor_episode_id":"","cover_image":"","cover_image_id":"","duration":"","filesize":"","filesize_raw":"","date_recorded":"","explicit":"","block":"","itunes_episode_number":"","itunes_title":"","itunes_season_number":"","itunes_episode_type":"","footnotes":""},"categories":[186,180,815,380,200],"tags":[39,816],"class_list":["post-30752","post","type-post","status-publish","format-standard","hentry","category-administracion-negocios-y-legislacion","category-cideap","category-curso-alfabetizacion-digital-para-los-negocios-fundamentos-y-herramientas","category-curso-la-cultura-de-paz-en-la-familia","category-habilidades-para-el-trabajo","tag-guia-didactica","tag-martin-mata-soto"],"acf":[],"jetpack_featured_media_url":"","_links":{"self":[{"href":"https:\/\/blogs.ugto.mx\/rea\/wp-json\/wp\/v2\/posts\/30752","targetHints":{"allow":["GET"]}}],"collection":[{"href":"https:\/\/blogs.ugto.mx\/rea\/wp-json\/wp\/v2\/posts"}],"about":[{"href":"https:\/\/blogs.ugto.mx\/rea\/wp-json\/wp\/v2\/types\/post"}],"author":[{"embeddable":true,"href":"https:\/\/blogs.ugto.mx\/rea\/wp-json\/wp\/v2\/users\/142"}],"replies":[{"embeddable":true,"href":"https:\/\/blogs.ugto.mx\/rea\/wp-json\/wp\/v2\/comments?post=30752"}],"version-history":[{"count":3,"href":"https:\/\/blogs.ugto.mx\/rea\/wp-json\/wp\/v2\/posts\/30752\/revisions"}],"predecessor-version":[{"id":32109,"href":"https:\/\/blogs.ugto.mx\/rea\/wp-json\/wp\/v2\/posts\/30752\/revisions\/32109"}],"wp:attachment":[{"href":"https:\/\/blogs.ugto.mx\/rea\/wp-json\/wp\/v2\/media?parent=30752"}],"wp:term":[{"taxonomy":"category","embeddable":true,"href":"https:\/\/blogs.ugto.mx\/rea\/wp-json\/wp\/v2\/categories?post=30752"},{"taxonomy":"post_tag","embeddable":true,"href":"https:\/\/blogs.ugto.mx\/rea\/wp-json\/wp\/v2\/tags?post=30752"}],"curies":[{"name":"wp","href":"https:\/\/api.w.org\/{rel}","templated":true}]}}