{"id":33421,"date":"2024-01-31T12:43:29","date_gmt":"2024-01-31T12:43:29","guid":{"rendered":"https:\/\/blogs.ugto.mx\/rea\/?p=33421"},"modified":"2024-01-31T12:43:30","modified_gmt":"2024-01-31T12:43:30","slug":"clase-digital-8-derecho-a-la-educacion","status":"publish","type":"post","link":"https:\/\/blogs.ugto.mx\/rea\/clase-digital-8-derecho-a-la-educacion\/","title":{"rendered":"Clase digital 8. Derecho a la educaci\u00f3n"},"content":{"rendered":"\n\n\n<div class=\"wp-block-cover is-light\" style=\"min-height:284px;aspect-ratio:unset;\"><span aria-hidden=\"true\" class=\"wp-block-cover__background has-background-dim-40 has-background-dim\"><\/span><img decoding=\"async\" class=\"wp-block-cover__image-background wp-image-33572\" alt=\"\" src=\"data:image\/gif;base64,R0lGODlhAQABAIAAAAAAAP\/\/\/yH5BAEAAAAALAAAAAABAAEAAAIBRAA7\" data-src=\"https:\/\/blogs.ugto.mx\/rea\/wp-content\/uploads\/sites\/71\/2024\/01\/Captura-de-Pantalla-2024-01-29-a-las-12.41.49.png\" style=\"object-position:41% 66%\" data-object-fit=\"cover\" data-object-position=\"41% 66%\" \/><noscript><img loading=\"lazy\" decoding=\"async\" width=\"1025\" height=\"470\" class=\"wp-block-cover__image-background wp-image-33572\" alt=\"\" src=\"https:\/\/blogs.ugto.mx\/rea\/wp-content\/uploads\/sites\/71\/2024\/01\/Captura-de-Pantalla-2024-01-29-a-las-12.41.49.png\" style=\"object-position:41% 66%\" data-object-fit=\"cover\" data-object-position=\"41% 66%\" srcset=\"https:\/\/blogs.ugto.mx\/rea\/wp-content\/uploads\/sites\/71\/2024\/01\/Captura-de-Pantalla-2024-01-29-a-las-12.41.49.png 1025w, https:\/\/blogs.ugto.mx\/rea\/wp-content\/uploads\/sites\/71\/2024\/01\/Captura-de-Pantalla-2024-01-29-a-las-12.41.49-300x138.png 300w, https:\/\/blogs.ugto.mx\/rea\/wp-content\/uploads\/sites\/71\/2024\/01\/Captura-de-Pantalla-2024-01-29-a-las-12.41.49-768x352.png 768w\" sizes=\"auto, (max-width: 1025px) 100vw, 1025px\" \/><\/noscript><div class=\"wp-block-cover__inner-container is-layout-flow wp-block-cover-is-layout-flow\">\n<p class=\"has-text-align-center has-base-3-color has-text-color has-large-font-size wp-block-paragraph\">Derecho a la educaci\u00f3n<\/p>\n<\/div><\/div>\n\n\n\n<h2 class=\"wp-block-heading\" id=\"introduccion\">Presentaci\u00f3n del tema<\/h2>\n\n\n\n<p class=\"wp-block-paragraph\">\u00a1Hola de nuevo! Estamos en la \u00faltima clase digital y ha sido muy grato desarrollar esta unidad de aprendizaje en este formato, espero que para ti haya sido enriquecedo, formativo y pertinente.<\/p>\n\n\n\n<p class=\"wp-block-paragraph\">Nos corresponde abordar el derecho a la educaci\u00f3n como derecho social y cultural de los que mayor impacto pueden tener en el modo en el que se exigen, se conocen y se realizan otros derechos humanos.<\/p>\n\n\n\n<p class=\"wp-block-paragraph\">Los materiales que vamos a emplear para el desarrollo de la clase son:<\/p>\n\n\n\n<ul class=\"wp-block-list\">\n<li>El derecho humano a la educaci\u00f3n, Aida del Carmen San Vicente Parada en la revista Praxis de la justicia fiscal y administrativa, n\u00fam. 31, a\u00f1o XIV, enero-junio 2022. En este art\u00edculo la autora desarrolla ideas generales acerca del contenido del derecho a la educaci\u00f3n en M\u00e9xico tomando en cuenta las reformas m\u00e1s recientes a la Constituci\u00f3n.<\/li>\n\n\n\n<li>Educar a las ni\u00f1as y ni\u00f1os en M\u00e9xico en los derechos humanos: pol\u00edtica perfecta, Estrella Rubio Mariscal y No\u00e9 Dom\u00ednguez \u00c1vila, en Dilemas contempor\u00e1neos: educaci\u00f3n, pol\u00edtica y valores, vol. 9, Toluca de Lerdo, oct. 2021, Epub 31 de enero 2022.<\/li>\n<\/ul>\n\n\n\n<p class=\"wp-block-paragraph\">Esta publicaci\u00f3n analiza desde la perspectiva espec\u00edfica de los derechos de las ni\u00f1as y ni\u00f1os en M\u00e9xico, el derecho a la educaci\u00f3n.<\/p>\n\n\n\n<ul class=\"wp-block-list\">\n<li>Qu\u00e9 debe saber acerca del derecho a la educaci\u00f3n, UNESCO, 2022. Es la p\u00e1gina oficial de la UNESCO en la que, desde la perspectiva internacional, se aborda el derecho humano a la educaci\u00f3n.<\/li>\n<\/ul>\n\n\n\n<p class=\"wp-block-paragraph\">\u00a1Mucho \u00e9xito en esta \u00faltima clase digital!<\/p>\n\n\n\n<h2 class=\"wp-block-heading\" id=\"desarrollo-del-tema\">Objetivo did\u00e1ctico de la clase<\/h2>\n\n\n\n<p class=\"wp-block-paragraph\">Reflexionar acerca del contenido, alcance y l\u00edmites del derecho a la educaci\u00f3n, as\u00ed como de las obligaciones a cargo del Estado para garantizar este derecho.<\/p>\n\n\n\n<h2 class=\"wp-block-heading\" id=\"conclusion\">Contenido did\u00e1ctico<\/h2>\n\n\n\n<p class=\"wp-block-paragraph\">A continuaci\u00f3n, se presenta el contenido did\u00e1ctico de acceso abierto o institucional para profundizar en el tema.<\/p>\n\n\n\n<figure class=\"wp-block-table\"><table><thead><tr><th class=\"has-text-align-center\" data-align=\"center\">No.<\/th><th class=\"has-text-align-center\" data-align=\"center\">Nombre del recurso<\/th><th class=\"has-text-align-center\" data-align=\"center\">Sinopsis<\/th><th class=\"has-text-align-center\" data-align=\"center\">Tipo de recurso<\/th><th class=\"has-text-align-center\" data-align=\"center\">Enlace Web<\/th><\/tr><\/thead><tbody><tr><td class=\"has-text-align-center\" data-align=\"center\">1<\/td><td class=\"has-text-align-center\" data-align=\"center\">El derecho humano a la educaci\u00f3n.<\/td><td class=\"has-text-align-center\" data-align=\"center\">En este documento la autora expone los elementos generales del derecho humano a la educaci\u00f3n ya considerando la \u00faltima reforma constitucional.<\/td><td class=\"has-text-align-center\" data-align=\"center\">Art\u00edculo de revista<\/td><td class=\"has-text-align-center\" data-align=\"center\">[<a href=\"https:\/\/drive.google.com\/file\/d\/117v6_BC-sLj_BKcv0Ka0A7rlFQ56q_Wv\/view?usp=sharing\" target=\"_blank\" rel=\"noreferrer noopener\">Accede<\/a><a href=\"https:\/\/drive.google.com\/file\/d\/1NIOblaZ6ls0NlPheuaDfgReaC6UZr79F\/view?usp=sharing\" target=\"_blank\" rel=\"noreferrer noopener\">r<\/a>]<\/td><\/tr><tr><td class=\"has-text-align-center\" data-align=\"center\">2<\/td><td class=\"has-text-align-center\" data-align=\"center\">Educar a las ni\u00f1as y ni\u00f1os en M\u00e9xico en los derechos humanos: pol\u00edtica perfecta.<\/td><td class=\"has-text-align-center\" data-align=\"center\">En este trabajo se analiza el derecho humano a la educaci\u00f3n de ni\u00f1as y ni\u00f1os en M\u00e9xico, destacando c\u00f3mo influye este derecho en su bienestar.<\/td><td class=\"has-text-align-center\" data-align=\"center\">Art\u00edculo de revista<\/td><td class=\"has-text-align-center\" data-align=\"center\">[<a href=\"https:\/\/drive.google.com\/file\/d\/1250M37R2fkyPGs7e7XRONcv6oNobEl91\/view?usp=sharing\" target=\"_blank\" rel=\"noreferrer noopener\">Acceder<\/a>]<\/td><\/tr><tr><td class=\"has-text-align-center\" data-align=\"center\">3<\/td><td class=\"has-text-align-center\" data-align=\"center\">Qu\u00e9 debe saber acerca del derecho a la educaci\u00f3n.<\/td><td class=\"has-text-align-center\" data-align=\"center\">P\u00e1gina de internet de la UNESCO en la que se expone el derecho a la educaci\u00f3n desde el plano internacional.<\/td><td class=\"has-text-align-center\" data-align=\"center\">Sitio web<\/td><td class=\"has-text-align-center\" data-align=\"center\">[<a href=\"https:\/\/www.unesco.org\/es\/right-education\/need-know\" target=\"_blank\" rel=\"noreferrer noopener\">Acceder<\/a>]<\/td><\/tr><\/tbody><\/table><\/figure>\n\n\n\n<h3 class=\"wp-block-heading\">Material did\u00e1ctico complementario<\/h3>\n\n\n\n<figure class=\"wp-block-table\"><table><thead><tr><th class=\"has-text-align-center\" data-align=\"center\">No.<\/th><th class=\"has-text-align-center\" data-align=\"center\">Nombre del recurso<\/th><th class=\"has-text-align-center\" data-align=\"center\">Sinopsis<\/th><th class=\"has-text-align-center\" data-align=\"center\">Tipo de recurso<\/th><th class=\"has-text-align-center\" data-align=\"center\">Enlace Web<\/th><\/tr><\/thead><tbody><tr><td class=\"has-text-align-center\" data-align=\"center\">1<\/td><td class=\"has-text-align-center\" data-align=\"center\">Constituci\u00f3n Pol\u00edtica de los Estados Unidos Mexicanos, art\u00edculo 3o.<\/td><td class=\"has-text-align-center\" data-align=\"center\">El art\u00edculo 3o constitucional establece el derecho a la educaci\u00f3n.<\/td><td class=\"has-text-align-center\" data-align=\"center\">Instrumento normativo<\/td><td class=\"has-text-align-center\" data-align=\"center\">[<a href=\"https:\/\/drive.google.com\/file\/d\/117v6_BC-sLj_BKcv0Ka0A7rlFQ56q_Wv\/view?usp=sharing\" target=\"_blank\" rel=\"noreferrer noopener\">Acceder<\/a>]<\/td><\/tr><tr><td class=\"has-text-align-center\" data-align=\"center\">2<\/td><td class=\"has-text-align-center\" data-align=\"center\">Ley General de Educaci\u00f3n.<\/td><td class=\"has-text-align-center\" data-align=\"center\">Esta ley desarrolla el derecho a la educaci\u00f3n al establecer las bases del sistema educativo y las competencias en los \u00e1mbitos de gobierno.<\/td><td class=\"has-text-align-center\" data-align=\"center\">Instrumento normativo<\/td><td class=\"has-text-align-center\" data-align=\"center\">[<a href=\"https:\/\/drive.google.com\/file\/d\/1cjphSYD0t_ukVnPpEANc-QIMqRxsFyZa\/view?usp=sharing\" target=\"_blank\" rel=\"noreferrer noopener\">Acceder<\/a>]<\/td><\/tr><\/tbody><\/table><\/figure>\n\n\n\n<h2 class=\"wp-block-heading\" id=\"fuentes-de-informacion\">Resumen e ideas relevantes de la clase digital<\/h2>\n\n\n\n<p class=\"wp-block-paragraph\">La educaci\u00f3n es de gran relevancia para el desarrollo de un pa\u00eds, para el bienestar de su poblaci\u00f3n y para elevar su calidad de vida.<\/p>\n\n\n\n<div class=\"wp-block-columns are-vertically-aligned-center has-base-background-color has-background is-layout-flex wp-container-core-columns-is-layout-8f761849 wp-block-columns-is-layout-flex\">\n<div class=\"wp-block-column is-vertically-aligned-center is-layout-flow wp-block-column-is-layout-flow\">\n<figure class=\"wp-block-image size-full is-resized\"><img decoding=\"async\" src=\"data:image\/gif;base64,R0lGODlhAQABAIAAAAAAAP\/\/\/yH5BAEAAAAALAAAAAABAAEAAAIBRAA7\" data-src=\"https:\/\/blogs.ugto.mx\/rea\/wp-content\/uploads\/sites\/71\/2024\/01\/Captura-de-Pantalla-2024-01-29-a-las-12.42.57.png\" alt=\"\" class=\"wp-image-33574\" style=\"width:496px;height:auto\" \/><noscript><img loading=\"lazy\" decoding=\"async\" width=\"648\" height=\"517\" src=\"https:\/\/blogs.ugto.mx\/rea\/wp-content\/uploads\/sites\/71\/2024\/01\/Captura-de-Pantalla-2024-01-29-a-las-12.42.57.png\" alt=\"\" class=\"wp-image-33574\" style=\"width:496px;height:auto\" srcset=\"https:\/\/blogs.ugto.mx\/rea\/wp-content\/uploads\/sites\/71\/2024\/01\/Captura-de-Pantalla-2024-01-29-a-las-12.42.57.png 648w, https:\/\/blogs.ugto.mx\/rea\/wp-content\/uploads\/sites\/71\/2024\/01\/Captura-de-Pantalla-2024-01-29-a-las-12.42.57-300x239.png 300w\" sizes=\"auto, (max-width: 648px) 100vw, 648px\" \/><\/noscript><\/figure>\n<\/div>\n\n\n\n<div class=\"wp-block-column is-vertically-aligned-center is-layout-flow wp-block-column-is-layout-flow\">\n<p class=\"wp-block-paragraph\"><strong>Art\u00edculo 3o.<\/strong> <em>Toda persona tiene derecho a la educaci\u00f3n. El Estado -Federaci\u00f3n, Estados, Ciudad de M\u00e9xico y Municipios- impartir\u00e1 y garantizar\u00e1 la educaci\u00f3n inicial, preescolar, primaria, secundaria, media superior y superior. La educaci\u00f3n inicial, preescolar, primaria y secundaria, conforman la educaci\u00f3n b\u00e1sica; \u00e9sta y la media superior ser\u00e1n obligatorias, la educaci\u00f3n superior lo ser\u00e1 en t\u00e9rminos de la fracci\u00f3n X del presente art\u00edculo. La educaci\u00f3n inicial es un derecho de la ni\u00f1ez y ser\u00e1 responsabilidad del Estado concientizar sobre su importancia.<\/em><\/p>\n\n\n\n<p class=\"wp-block-paragraph\"><em>Corresponde al Estado la rector\u00eda de la educaci\u00f3n, la impartida por \u00e9ste, adem\u00e1s de obligatoria, ser\u00e1 universal, inclusiva, p\u00fablica, gratuita y laica.<\/em><\/p>\n<\/div>\n<\/div>\n\n\n\n<p class=\"wp-block-paragraph\"><em>La educaci\u00f3n se basar\u00e1 en el respeto irrestricto de la dignidad de las personas, con un enfoque de derechos humanos y de igualdad sustantiva. Tender\u00e1 a desarrollar arm\u00f3nicamente todas las facultades del ser humano y fomentar\u00e1 en \u00e9l, a la vez, el amor a la Patria, el respeto a todos los derechos, las libertades, la cultura de paz y la conciencia de la solidaridad internacional, en la independencia y en la justicia; promover\u00e1 la honestidad, los valores y la mejora continua del proceso de ense\u00f1anza aprendizaje<\/em><\/p>\n\n\n\n<p class=\"wp-block-paragraph\">Constituci\u00f3n Pol\u00edtica de los Estados Unidos Mexicanos, 2023.<\/p>\n\n\n\n<p class=\"wp-block-paragraph\">La educaci\u00f3n es un bien b\u00e1sico indispensable para la formaci\u00f3n de autonom\u00eda personal y, por ende, para ejercer el derecho al libre desarrollo de la personalidad, de aqu\u00ed su car\u00e1cter de derecho humano. Y en tanto bien b\u00e1sico para toda persona, la educaci\u00f3n elemental debe ser obligatoria, universal y gratuita.<\/p>\n\n\n\n<p class=\"wp-block-paragraph\">Suprema Corte de Justicia de la Naci\u00f3n, 2015.<\/p>\n\n\n\n<p class=\"wp-block-paragraph\">El derecho a la educaci\u00f3n se divide en:<\/p>\n\n\n\n<p class=\"wp-block-paragraph\">a) La educaci\u00f3n b\u00e1sica, que en el marco internacional se refiere solamente a la primaria, pero que en M\u00e9xico comprende la educaci\u00f3n prescolar, primaria, secundaria y media superior.<\/p>\n\n\n\n<p class=\"wp-block-paragraph\">b) La educaci\u00f3n superior, que no es necesariamente gratuita ni obligatoria, ya que el Estado est\u00e1 obligado a promoverla \u2014no as\u00ed a proveerla\u2014, porque su fin es alentar y dotar de recursos la producci\u00f3n cient\u00edfica y tecnolog\u00eda para difundir la cultura. Est\u00e1 sujeta al principio de acceso, esto quiere decir, que toma en consideraci\u00f3n las capacidades del individuo.<\/p>\n\n\n\n<div class=\"wp-block-columns are-vertically-aligned-center has-base-background-color has-background is-layout-flex wp-container-core-columns-is-layout-8f761849 wp-block-columns-is-layout-flex\">\n<div class=\"wp-block-column is-vertically-aligned-center is-layout-flow wp-block-column-is-layout-flow\">\n<p class=\"wp-block-paragraph\"><strong>Las caracter\u00edsticas del derecho a la educaci\u00f3n son las siguientes:<\/strong><\/p>\n\n\n\n<ul class=\"wp-block-list\">\n<li><strong>P\u00fablica: <\/strong>se traduce en que la educaci\u00f3n que es para todos, pues no distingue de clases sociales. Toda persona debe tener acceso a la educaci\u00f3n formal que imparte el Estado.<\/li>\n\n\n\n<li><strong>Laica: <\/strong>los contenidos educativos son independientes y ajenos a cualquier doctrina religiosa.<\/li>\n\n\n\n<li><strong>Obligatoria: <\/strong>el acceso a la ense\u00f1anza no es optativo ni para el ni\u00f1o, ni para el Estado, ni para los padres.<\/li>\n\n\n\n<li><strong>Gratuita:<\/strong> la educaci\u00f3n que se reciba no quedar\u00e1 condicionada a un pago, la asistencia a la escuela no implica erogar una cantidad de dinero y el Estado no deber\u00e1 cobrar por ella.\u00a0<\/li>\n<\/ul>\n<\/div>\n\n\n\n<div class=\"wp-block-column is-vertically-aligned-center is-layout-flow wp-block-column-is-layout-flow\">\n<figure class=\"wp-block-image size-full\"><img decoding=\"async\" src=\"data:image\/gif;base64,R0lGODlhAQABAIAAAAAAAP\/\/\/yH5BAEAAAAALAAAAAABAAEAAAIBRAA7\" data-src=\"https:\/\/blogs.ugto.mx\/rea\/wp-content\/uploads\/sites\/71\/2024\/01\/Captura-de-Pantalla-2024-01-29-a-las-12.44.17.png\" alt=\"\" class=\"wp-image-33575\" \/><noscript><img loading=\"lazy\" decoding=\"async\" width=\"657\" height=\"482\" src=\"https:\/\/blogs.ugto.mx\/rea\/wp-content\/uploads\/sites\/71\/2024\/01\/Captura-de-Pantalla-2024-01-29-a-las-12.44.17.png\" alt=\"\" class=\"wp-image-33575\" srcset=\"https:\/\/blogs.ugto.mx\/rea\/wp-content\/uploads\/sites\/71\/2024\/01\/Captura-de-Pantalla-2024-01-29-a-las-12.44.17.png 657w, https:\/\/blogs.ugto.mx\/rea\/wp-content\/uploads\/sites\/71\/2024\/01\/Captura-de-Pantalla-2024-01-29-a-las-12.44.17-300x220.png 300w\" sizes=\"auto, (max-width: 657px) 100vw, 657px\" \/><\/noscript><\/figure>\n<\/div>\n<\/div>\n\n\n\n<p class=\"wp-block-paragraph\">San Vicente Parada, 2021.<\/p>\n\n\n\n<p class=\"wp-block-paragraph\">El 15 de mayo de 2019, se reform\u00f3 el art\u00edculo 3\u00ba de la Constituci\u00f3n Pol\u00edtica de los Estados Unidos Mexicanos (CPEUM), con alcances trascendentes en el \u00e1mbito de la educaci\u00f3n superior. De dicha reforma se deriva que la educaci\u00f3n superior, adem\u00e1s de obligatoria, ser\u00e1 universal, inclusiva, p\u00fablica, gratuita y laica.&nbsp;<\/p>\n\n\n\n<p class=\"wp-block-paragraph\">Una vez reconocida la gratuidad de la educaci\u00f3n superior en el texto constitucional, corresponde garantizarla y hacerla efectiva a partir del rango que le es inherente como derecho humano. Para ese fin, es necesario asumir como principal marco de referencia normativo y conceptual el art\u00edculo 1\u00ba de la CPEUM y las dem\u00e1s<\/p>\n\n\n\n<p class=\"wp-block-paragraph\">disposiciones constitucionales e instrumentos internacionales aplicables.&nbsp;<\/p>\n\n\n\n<p class=\"wp-block-paragraph\">Ahora bien, del plano constitucional \u2013mediante el cual se consagra el derecho humano\u2013 se deriva la manera de garantizarlo, de hacerlo efectivo, para lo cual es necesario acudir a la ley reglamentaria: la Ley General de Educaci\u00f3n Superior (LGES) y las dem\u00e1s disposiciones legales y reglamentarias existentes en el sistema jur\u00eddico mexicano que posibilitan tal derecho humano. Son estas medidas legislativas necesarias para el ejercicio de este derecho que superar\u00edan cualquier tipo de escrutinio sobre su constitucionalidad seg\u00fan los precedentes establecidos por el m\u00e1ximo Tribunal del pa\u00eds<\/p>\n\n\n\n<p class=\"wp-block-paragraph\">ANUIES, 2021<\/p>\n","protected":false},"excerpt":{"rendered":"<p>Presentaci\u00f3n del tema \u00a1Hola de nuevo! Estamos en la \u00faltima clase digital y ha sido muy grato desarrollar esta unidad de aprendizaje en este formato, espero que para ti haya sido enriquecedo, formativo y pertinente. Nos corresponde abordar el derecho a la educaci\u00f3n como derecho social y cultural de los que mayor impacto pueden tener &#8230; <a title=\"Clase digital 8. Derecho a la educaci\u00f3n\" class=\"read-more\" href=\"https:\/\/blogs.ugto.mx\/rea\/clase-digital-8-derecho-a-la-educacion\/\" aria-label=\"Leer m\u00e1s sobre Clase digital 8. Derecho a la educaci\u00f3n\">Leer m\u00e1s<\/a><\/p>\n","protected":false},"author":142,"featured_media":0,"comment_status":"closed","ping_status":"closed","sticky":false,"template":"","format":"standard","meta":{"_acf_changed":false,"_crdt_document":"","episode_type":"","audio_file":"","podmotor_file_id":"","podmotor_episode_id":"","cover_image":"","cover_image_id":"","duration":"","filesize":"","filesize_raw":"","date_recorded":"","explicit":"","block":"","itunes_episode_number":"","itunes_title":"","itunes_season_number":"","itunes_episode_type":"","footnotes":""},"categories":[252,866],"tags":[41,864,865],"class_list":["post-33421","post","type-post","status-publish","format-standard","hentry","category-licenciatura-en-derecho","category-uda-derechos-humanos-i","tag-clase-digital","tag-shli04109","tag-susana-martinez-nava"],"acf":[],"jetpack_featured_media_url":"","_links":{"self":[{"href":"https:\/\/blogs.ugto.mx\/rea\/wp-json\/wp\/v2\/posts\/33421","targetHints":{"allow":["GET"]}}],"collection":[{"href":"https:\/\/blogs.ugto.mx\/rea\/wp-json\/wp\/v2\/posts"}],"about":[{"href":"https:\/\/blogs.ugto.mx\/rea\/wp-json\/wp\/v2\/types\/post"}],"author":[{"embeddable":true,"href":"https:\/\/blogs.ugto.mx\/rea\/wp-json\/wp\/v2\/users\/142"}],"replies":[{"embeddable":true,"href":"https:\/\/blogs.ugto.mx\/rea\/wp-json\/wp\/v2\/comments?post=33421"}],"version-history":[{"count":5,"href":"https:\/\/blogs.ugto.mx\/rea\/wp-json\/wp\/v2\/posts\/33421\/revisions"}],"predecessor-version":[{"id":33576,"href":"https:\/\/blogs.ugto.mx\/rea\/wp-json\/wp\/v2\/posts\/33421\/revisions\/33576"}],"wp:attachment":[{"href":"https:\/\/blogs.ugto.mx\/rea\/wp-json\/wp\/v2\/media?parent=33421"}],"wp:term":[{"taxonomy":"category","embeddable":true,"href":"https:\/\/blogs.ugto.mx\/rea\/wp-json\/wp\/v2\/categories?post=33421"},{"taxonomy":"post_tag","embeddable":true,"href":"https:\/\/blogs.ugto.mx\/rea\/wp-json\/wp\/v2\/tags?post=33421"}],"curies":[{"name":"wp","href":"https:\/\/api.w.org\/{rel}","templated":true}]}}