{"id":33542,"date":"2024-01-31T19:08:39","date_gmt":"2024-01-31T19:08:39","guid":{"rendered":"https:\/\/blogs.ugto.mx\/rea\/?p=33542"},"modified":"2024-01-31T19:08:39","modified_gmt":"2024-01-31T19:08:39","slug":"clase-digital-5-determinantes-sociales-de-los-trastornos-mentales","status":"publish","type":"post","link":"https:\/\/blogs.ugto.mx\/rea\/clase-digital-5-determinantes-sociales-de-los-trastornos-mentales\/","title":{"rendered":"Clase digital 5. Determinantes sociales de los trastornos mentales"},"content":{"rendered":"\n\n\n<div class=\"wp-block-cover is-light\" style=\"min-height:284px;aspect-ratio:unset;\"><span aria-hidden=\"true\" class=\"wp-block-cover__background has-background-dim-40 has-background-dim\"><\/span><img decoding=\"async\" class=\"wp-block-cover__image-background wp-image-33630\" alt=\"\" src=\"data:image\/gif;base64,R0lGODlhAQABAIAAAAAAAP\/\/\/yH5BAEAAAAALAAAAAABAAEAAAIBRAA7\" data-src=\"https:\/\/blogs.ugto.mx\/rea\/wp-content\/uploads\/sites\/71\/2024\/01\/Captura-de-Pantalla-2024-01-29-a-las-15.21.14.png\" style=\"object-position:45% 72%\" data-object-fit=\"cover\" data-object-position=\"45% 72%\" \/><noscript><img loading=\"lazy\" decoding=\"async\" width=\"961\" height=\"353\" class=\"wp-block-cover__image-background wp-image-33630\" alt=\"\" src=\"https:\/\/blogs.ugto.mx\/rea\/wp-content\/uploads\/sites\/71\/2024\/01\/Captura-de-Pantalla-2024-01-29-a-las-15.21.14.png\" style=\"object-position:45% 72%\" data-object-fit=\"cover\" data-object-position=\"45% 72%\" srcset=\"https:\/\/blogs.ugto.mx\/rea\/wp-content\/uploads\/sites\/71\/2024\/01\/Captura-de-Pantalla-2024-01-29-a-las-15.21.14.png 961w, https:\/\/blogs.ugto.mx\/rea\/wp-content\/uploads\/sites\/71\/2024\/01\/Captura-de-Pantalla-2024-01-29-a-las-15.21.14-300x110.png 300w, https:\/\/blogs.ugto.mx\/rea\/wp-content\/uploads\/sites\/71\/2024\/01\/Captura-de-Pantalla-2024-01-29-a-las-15.21.14-768x282.png 768w\" sizes=\"auto, (max-width: 961px) 100vw, 961px\" \/><\/noscript><div class=\"wp-block-cover__inner-container is-layout-flow wp-block-cover-is-layout-flow\">\n<p class=\"has-text-align-center has-base-3-color has-text-color has-large-font-size wp-block-paragraph\">Determinantes sociales de los trastornos mentales<\/p>\n<\/div><\/div>\n\n\n\n<h2 class=\"wp-block-heading\" id=\"introduccion\">Presentaci\u00f3n del tema<\/h2>\n\n\n\n<p class=\"wp-block-paragraph\">Bienvenid@s a la clase 5, en la clase anterior revisamos las bases biol\u00f3gicas de la conducta humana, en esta lecci\u00f3n abordaremos los determinantes sociales de la salud, esto nos ayudar\u00e1 a entender c\u00f3mo la sociedad, la cultura y la forma en que las personas viven influye en la salud mental y en el desarrollo de trastornos mentales.&nbsp;<\/p>\n\n\n\n<p class=\"wp-block-paragraph\">Revisaremos la definici\u00f3n de la Organizaci\u00f3n Mundial de la Salud, que nos habla de la desigualdad de situaciones sociales que condicionan el desarrollo de los trastornos mentales. Los determinantes sociales incluyen los estructurales, intermedios y los relacionados a los sistemas de atenci\u00f3n en salud.&nbsp;<\/p>\n\n\n\n<p class=\"wp-block-paragraph\">Esperamos que esta clase aclare la relaci\u00f3n entre las bases biol\u00f3gicas y las influencias sociales.&nbsp;<\/p>\n\n\n\n<p class=\"wp-block-paragraph\">Esperamos que esta clase sea de apoyo para la comprensi\u00f3n de los factores que intervienen en el desarrollo de los trastornos mentales.&nbsp;<\/p>\n\n\n\n<p class=\"wp-block-paragraph\">Mucho \u00e9xito<\/p>\n\n\n\n<h2 class=\"wp-block-heading\" id=\"desarrollo-del-tema\">Objetivo did\u00e1ctico de la clase<\/h2>\n\n\n\n<p class=\"wp-block-paragraph\">Conocer los determinantes sociales de la salud que influyen en la salud mental y en el desarrollo de los trastornos mentales.<\/p>\n\n\n\n<h2 class=\"wp-block-heading\" id=\"conclusion\">Contenido did\u00e1ctico<\/h2>\n\n\n\n<p class=\"wp-block-paragraph\">A continuaci\u00f3n, se presenta el contenido did\u00e1ctico de acceso abierto o institucional para profundizar en el tema.<\/p>\n\n\n\n<figure class=\"wp-block-table\"><table><thead><tr><th class=\"has-text-align-center\" data-align=\"center\">No.<\/th><th class=\"has-text-align-center\" data-align=\"center\">Nombre del recurso<\/th><th class=\"has-text-align-center\" data-align=\"center\">Sinopsis<\/th><th class=\"has-text-align-center\" data-align=\"center\">Tipo de recurso<\/th><th class=\"has-text-align-center\" data-align=\"center\">Enlace Web<\/th><\/tr><\/thead><tbody><tr><td class=\"has-text-align-center\" data-align=\"center\">1<\/td><td class=\"has-text-align-center\" data-align=\"center\">Determinantes sociales de la salud<br>y su influencia en la atenci\u00f3n sanitaria.<\/td><td class=\"has-text-align-center\" data-align=\"center\">Documento que describe los determinantes sociales de la salud, evidenciando c\u00f3mo influye la forma en que la gente vive y se desarrolla en la salud de las personas.<\/td><td class=\"has-text-align-center\" data-align=\"center\">Cap\u00edtulo<\/td><td class=\"has-text-align-center\" data-align=\"center\">[<a href=\"https:\/\/drive.google.com\/file\/d\/12rOJkYrLJxqgWOq5-JNSXYr8Qgk5Slvg\/view?usp=sharing\" target=\"_blank\" rel=\"noreferrer noopener\">Acceder<\/a>]<\/td><\/tr><tr><td class=\"has-text-align-center\" data-align=\"center\">2<\/td><td class=\"has-text-align-center\" data-align=\"center\">Determinantes de la salud mental<\/td><td class=\"has-text-align-center\" data-align=\"center\">Los determinantes asociados a la salud mental.<\/td><td class=\"has-text-align-center\" data-align=\"center\">Presentaci\u00f3n digital<\/td><td class=\"has-text-align-center\" data-align=\"center\">[<a href=\"https:\/\/drive.google.com\/file\/d\/1W6v7A1Op5SXETBfakgJJTwqETfcwGUgR\/view?usp=sharing\" target=\"_blank\" rel=\"noreferrer noopener\">Acceder<\/a>]<\/td><\/tr><\/tbody><\/table><\/figure>\n\n\n\n<h3 class=\"wp-block-heading\">Material did\u00e1ctico complementario<\/h3>\n\n\n\n<figure class=\"wp-block-table\"><table><thead><tr><th class=\"has-text-align-center\" data-align=\"center\">No.<\/th><th class=\"has-text-align-center\" data-align=\"center\">Nombre del recurso<\/th><th class=\"has-text-align-center\" data-align=\"center\">Sinopsis<\/th><th class=\"has-text-align-center\" data-align=\"center\">Tipo de recurso<\/th><th class=\"has-text-align-center\" data-align=\"center\">Enlace Web<\/th><\/tr><\/thead><tbody><tr><td class=\"has-text-align-center\" data-align=\"center\">1<\/td><td class=\"has-text-align-center\" data-align=\"center\">Determinantes Sociales de la Salud<\/td><td class=\"has-text-align-center\" data-align=\"center\">Video que explica los determinantes sociales de la salud y c\u00f3mo influyen en la vida de las personas<\/td><td class=\"has-text-align-center\" data-align=\"center\">Video<\/td><td class=\"has-text-align-center\" data-align=\"center\">[<a href=\"https:\/\/youtu.be\/FmqSeiJUyfQ?si=tGzcb_44KmngAiBC\" target=\"_blank\" rel=\"noreferrer noopener\">Acceder<\/a>]<\/td><\/tr><\/tbody><\/table><\/figure>\n\n\n\n<h2 class=\"wp-block-heading\" id=\"fuentes-de-informacion\">Resumen e ideas relevantes de la clase digital<\/h2>\n\n\n\n<div class=\"wp-block-columns has-base-background-color has-background is-layout-flex wp-container-core-columns-is-layout-8f761849 wp-block-columns-is-layout-flex\">\n<div class=\"wp-block-column is-layout-flow wp-block-column-is-layout-flow\" style=\"flex-basis:33.33%\"><div class=\"wp-block-image\">\n<figure class=\"aligncenter size-full is-resized\"><img decoding=\"async\" src=\"data:image\/gif;base64,R0lGODlhAQABAIAAAAAAAP\/\/\/yH5BAEAAAAALAAAAAABAAEAAAIBRAA7\" data-src=\"https:\/\/blogs.ugto.mx\/rea\/wp-content\/uploads\/sites\/71\/2022\/06\/cerebro-5.png\" alt=\"\" class=\"wp-image-15226\" style=\"object-fit:cover;width:215px;height:215px\" \/><noscript><img loading=\"lazy\" decoding=\"async\" width=\"512\" height=\"512\" src=\"https:\/\/blogs.ugto.mx\/rea\/wp-content\/uploads\/sites\/71\/2022\/06\/cerebro-5.png\" alt=\"\" class=\"wp-image-15226\" style=\"object-fit:cover;width:215px;height:215px\" srcset=\"https:\/\/blogs.ugto.mx\/rea\/wp-content\/uploads\/sites\/71\/2022\/06\/cerebro-5.png 512w, https:\/\/blogs.ugto.mx\/rea\/wp-content\/uploads\/sites\/71\/2022\/06\/cerebro-5-300x300.png 300w, https:\/\/blogs.ugto.mx\/rea\/wp-content\/uploads\/sites\/71\/2022\/06\/cerebro-5-150x150.png 150w\" sizes=\"auto, (max-width: 512px) 100vw, 512px\" \/><\/noscript><\/figure>\n<\/div><\/div>\n\n\n\n<div class=\"wp-block-column is-vertically-aligned-center is-layout-flow wp-block-column-is-layout-flow\" style=\"flex-basis:66.66%\">\n<h3 class=\"wp-block-heading has-text-align-center\">Recuerda<\/h3>\n\n\n\n<p class=\"wp-block-paragraph\">El 10 de octubre se conmemora el d\u00eda de la salud mental, rememorando a la poblaci\u00f3n la importancia del cuidado a la salud mental y a los gobiernos la prioridad de invertir en programas y acciones que permitan alcanzar el bienestar mental.&nbsp;<\/p>\n\n\n\n<p class=\"wp-block-paragraph\">Los determinantes sociales de la salud, son las condiciones en que las personas viven, crecen y se desarrollan que influyen en la trayectoria de vida de las personas y los condicionan a desarrollar algunas enfermedades y\/o trastornos.<\/p>\n<\/div>\n<\/div>\n\n\n\n<p class=\"wp-block-paragraph\"><\/p>\n\n\n\n<p class=\"wp-block-paragraph\">La salud mental est\u00e1 influenciada por el lugar donde nacemos, el tipo de crianza, la educaci\u00f3n, la etnia, raza y las influencias culturales. Durante el curso de vida de una persona se generan situaciones que pueden ser factores de riesgo para el desarrollo de un trastorno mental. La edad determina ciertas enfermedades como aquellas asociadas al neurodesarrollo en el caso de los ni\u00f1os y adolescentes. El sexo como entidad biol\u00f3gica es muy importante, la depresi\u00f3n es m\u00e1s frecuente en mujeres y la ansiedad en hombres. Asimismo, el suicidio tiene sus tasas m\u00e1s elevadas en hombres, debido a que son quienes emplean m\u00e9todos m\u00e1s letales para tal fin.<\/p>\n\n\n\n<p class=\"wp-block-paragraph\">La educaci\u00f3n se asocia a la ocupaci\u00f3n que desempe\u00f1a una persona en la sociedad y el poder adquisitivo para invertir en la salud, no obstante, no es una regla que a mayor poder adquisitivo la salud mental sea mejor en este caso las creencias y las actitudes hacia los trastornos mentales son de gran importancia.&nbsp;<\/p>\n\n\n\n<p class=\"wp-block-paragraph\">Los estilos de vida como el sedentarismo, vivir bajo mucho estr\u00e9s, las relaciones interpersonales y el tiempo que se le otorga a cuidar de la salud son factores de riesgo para el desarrollo de trastornos mentales durante la vida.<\/p>\n\n\n\n<p class=\"wp-block-paragraph\">La pobreza, los contextos poco favorables, la falta de ingreso econ\u00f3mico estable son antecedentes a considerar en la historia cl\u00ednica del paciente.&nbsp;<\/p>\n\n\n\n<p class=\"wp-block-paragraph\">Ahora que conoces estos antecedentes, te invito a reflexionar en c\u00f3mo podemos valorar a una persona que vive con un trastorno mental evitando prejuicios, etiquetas y estereotipos.<\/p>\n","protected":false},"excerpt":{"rendered":"<p>Presentaci\u00f3n del tema Bienvenid@s a la clase 5, en la clase anterior revisamos las bases biol\u00f3gicas de la conducta humana, en esta lecci\u00f3n abordaremos los determinantes sociales de la salud, esto nos ayudar\u00e1 a entender c\u00f3mo la sociedad, la cultura y la forma en que las personas viven influye en la salud mental y en &#8230; <a title=\"Clase digital 5. Determinantes sociales de los trastornos mentales\" class=\"read-more\" href=\"https:\/\/blogs.ugto.mx\/rea\/clase-digital-5-determinantes-sociales-de-los-trastornos-mentales\/\" aria-label=\"Leer m\u00e1s sobre Clase digital 5. Determinantes sociales de los trastornos mentales\">Leer m\u00e1s<\/a><\/p>\n","protected":false},"author":142,"featured_media":0,"comment_status":"closed","ping_status":"closed","sticky":false,"template":"","format":"standard","meta":{"_acf_changed":false,"_crdt_document":"","episode_type":"","audio_file":"","podmotor_file_id":"","podmotor_episode_id":"","cover_image":"","cover_image_id":"","duration":"","filesize":"","filesize_raw":"","date_recorded":"","explicit":"","block":"","itunes_episode_number":"","itunes_title":"","itunes_season_number":"","itunes_episode_type":"","footnotes":""},"categories":[34,868],"tags":[41,870,869],"class_list":["post-33542","post","type-post","status-publish","format-standard","hentry","category-licenciatura-en-enfermeria-y-obstetricia","category-uda-cuidado-de-enfermeria-en-la-salud-mental-y-psiquiatria","tag-clase-digital","tag-lucia-caudillo-ortega","tag-scli06034"],"acf":[],"jetpack_featured_media_url":"","_links":{"self":[{"href":"https:\/\/blogs.ugto.mx\/rea\/wp-json\/wp\/v2\/posts\/33542","targetHints":{"allow":["GET"]}}],"collection":[{"href":"https:\/\/blogs.ugto.mx\/rea\/wp-json\/wp\/v2\/posts"}],"about":[{"href":"https:\/\/blogs.ugto.mx\/rea\/wp-json\/wp\/v2\/types\/post"}],"author":[{"embeddable":true,"href":"https:\/\/blogs.ugto.mx\/rea\/wp-json\/wp\/v2\/users\/142"}],"replies":[{"embeddable":true,"href":"https:\/\/blogs.ugto.mx\/rea\/wp-json\/wp\/v2\/comments?post=33542"}],"version-history":[{"count":5,"href":"https:\/\/blogs.ugto.mx\/rea\/wp-json\/wp\/v2\/posts\/33542\/revisions"}],"predecessor-version":[{"id":33961,"href":"https:\/\/blogs.ugto.mx\/rea\/wp-json\/wp\/v2\/posts\/33542\/revisions\/33961"}],"wp:attachment":[{"href":"https:\/\/blogs.ugto.mx\/rea\/wp-json\/wp\/v2\/media?parent=33542"}],"wp:term":[{"taxonomy":"category","embeddable":true,"href":"https:\/\/blogs.ugto.mx\/rea\/wp-json\/wp\/v2\/categories?post=33542"},{"taxonomy":"post_tag","embeddable":true,"href":"https:\/\/blogs.ugto.mx\/rea\/wp-json\/wp\/v2\/tags?post=33542"}],"curies":[{"name":"wp","href":"https:\/\/api.w.org\/{rel}","templated":true}]}}