{"id":36201,"date":"2025-08-25T19:03:23","date_gmt":"2025-08-25T19:03:23","guid":{"rendered":"https:\/\/blogs.ugto.mx\/rea\/?p=36201"},"modified":"2025-08-27T19:38:17","modified_gmt":"2025-08-27T19:38:17","slug":"clase-digital-1-plantilla-por-curaduria","status":"publish","type":"post","link":"https:\/\/blogs.ugto.mx\/rea\/clase-digital-1-plantilla-por-curaduria\/","title":{"rendered":"Clase digital 1. M\u00e9todo cient\u00edfico aplicado a la administraci\u00f3n p\u00fablica"},"content":{"rendered":"\n\n\n<div class=\"wp-block-cover\" style=\"min-height:284px;aspect-ratio:unset;\"><img decoding=\"async\" class=\"wp-block-cover__image-background wp-image-36429 size-full\" alt=\"\" src=\"data:image\/gif;base64,R0lGODlhAQABAIAAAAAAAP\/\/\/yH5BAEAAAAALAAAAAABAAEAAAIBRAA7\" data-src=\"https:\/\/blogs.ugto.mx\/rea\/wp-content\/uploads\/sites\/71\/2025\/08\/4c8282c9-588d-45fe-ba54-abee3182646a.jpg\" style=\"object-position:50% 100%\" data-object-fit=\"cover\" data-object-position=\"50% 100%\" \/><noscript><img loading=\"lazy\" decoding=\"async\" width=\"1024\" height=\"768\" class=\"wp-block-cover__image-background wp-image-36429 size-full\" alt=\"\" src=\"https:\/\/blogs.ugto.mx\/rea\/wp-content\/uploads\/sites\/71\/2025\/08\/4c8282c9-588d-45fe-ba54-abee3182646a.jpg\" style=\"object-position:50% 100%\" data-object-fit=\"cover\" data-object-position=\"50% 100%\" srcset=\"https:\/\/blogs.ugto.mx\/rea\/wp-content\/uploads\/sites\/71\/2025\/08\/4c8282c9-588d-45fe-ba54-abee3182646a.jpg 1024w, https:\/\/blogs.ugto.mx\/rea\/wp-content\/uploads\/sites\/71\/2025\/08\/4c8282c9-588d-45fe-ba54-abee3182646a-300x225.jpg 300w, https:\/\/blogs.ugto.mx\/rea\/wp-content\/uploads\/sites\/71\/2025\/08\/4c8282c9-588d-45fe-ba54-abee3182646a-768x576.jpg 768w\" sizes=\"auto, (max-width: 1024px) 100vw, 1024px\" \/><\/noscript><span aria-hidden=\"true\" class=\"wp-block-cover__background has-contrast-background-color has-background-dim-40 has-background-dim\"><\/span><div class=\"wp-block-cover__inner-container is-layout-flow wp-block-cover-is-layout-flow\">\n<p class=\"has-text-align-center has-base-3-color has-text-color has-large-font-size wp-block-paragraph\">M\u00e9todo cient\u00edfico aplicado a la administraci\u00f3n p\u00fablica<\/p>\n<\/div><\/div>\n\n\n\n<h2 class=\"wp-block-heading\" id=\"introduccion\">Presentaci\u00f3n del tema<\/h2>\n\n\n\n<p class=\"wp-block-paragraph\">El m\u00e9todo cient\u00edfico, entendido como un proceso sistem\u00e1tico, ordenado y verificable para la producci\u00f3n de conocimiento, constituye un pilar fundamental no solo en la investigaci\u00f3n acad\u00e9mica, sino tambi\u00e9n en la pr\u00e1ctica profesional de la administraci\u00f3n p\u00fablica. Su aplicaci\u00f3n en este campo no se reduce a la mera formulaci\u00f3n de teor\u00edas, sino que se convierte en una herramienta operativa para diagnosticar, dise\u00f1ar, implementar y evaluar pol\u00edticas p\u00fablicas y programas gubernamentales con base en evidencia s\u00f3lida (Creswell &amp; Creswell, 2018).<\/p>\n\n\n\n<p class=\"wp-block-paragraph\">En esencia, el m\u00e9todo cient\u00edfico se apoya en cuatro etapas clave:<\/p>\n\n\n\n<ol class=\"wp-block-list\">\n<li>Planteamiento del problema, donde se identifican y delimitan con precisi\u00f3n las necesidades, retos u oportunidades de mejora en el sector p\u00fablico.<\/li>\n\n\n\n<li>Formulaci\u00f3n de hip\u00f3tesis o supuestos, que ofrece posibles explicaciones o cursos de acci\u00f3n sustentados en teor\u00edas previas y evidencias iniciales.<\/li>\n\n\n\n<li>Recopilaci\u00f3n y an\u00e1lisis de datos, utilizando metodolog\u00edas cualitativas y\/o cuantitativas para obtener informaci\u00f3n confiable.<\/li>\n\n\n\n<li>Propuesta y validaci\u00f3n, en la que se dise\u00f1an y someten a escrutinio soluciones concretas, evaluando su factibilidad y su alineaci\u00f3n con los objetivos de pol\u00edtica p\u00fablica.<\/li>\n<\/ol>\n\n\n\n<p class=\"wp-block-paragraph\">Esta secuencia metodol\u00f3gica, cuando se adapta a la gesti\u00f3n p\u00fablica, potencia el enfoque conocido como evidence-based policy making, que ha sido promovido por organismos internacionales como la OCDE y el Banco Mundial como un est\u00e1ndar de calidad en la gobernanza moderna (OECD, 2020).<\/p>\n\n\n\n<p class=\"wp-block-paragraph\">En la pr\u00e1ctica profesional, el m\u00e9todo cient\u00edfico se refleja en una diversidad de productos estrat\u00e9gicos \u2014como policy briefs, policy memos, notas t\u00e9cnicas, informes t\u00e9cnicos o documentos de prospectiva\u2014 que no son simples reportes administrativos, sino s\u00edntesis estructuradas de procesos investigativos (Bardach &amp; Patashnik, 2020; Young &amp; Quinn, 2012). Por ejemplo, un policy brief que recomienda una reforma a la gesti\u00f3n de residuos s\u00f3lidos no solo presenta datos y recomendaciones, sino que integra un diagn\u00f3stico bien formulado, hip\u00f3tesis sobre el impacto de la medida, an\u00e1lisis comparativo con casos exitosos y validaci\u00f3n de la propuesta con indicadores proyectados.<\/p>\n\n\n\n<p class=\"wp-block-paragraph\">La relevancia de incorporar el m\u00e9todo cient\u00edfico a la formaci\u00f3n de administradores p\u00fablicos radica en varios factores:<\/p>\n\n\n\n<ul class=\"wp-block-list\">\n<li><strong>Racionalidad y objetividad:<\/strong> Reduce la toma de decisiones basada en intuiciones, presiones pol\u00edticas o informaci\u00f3n incompleta, sustituy\u00e9ndola por an\u00e1lisis sistem\u00e1tico (Dunn, 2018).<\/li>\n\n\n\n<li><strong>Eficiencia y eficacia: <\/strong>Permite seleccionar las alternativas que optimizan recursos y logran los resultados esperados.<\/li>\n\n\n\n<li>Transparencia y rendici\u00f3n de cuentas: Facilita la trazabilidad de las decisiones, pues las recomendaciones se sustentan en datos verificables (Mulgan, 2014).<\/li>\n\n\n\n<li><strong>Innovaci\u00f3n en la gesti\u00f3n p\u00fablica: <\/strong>Abre la puerta a soluciones creativas respaldadas por metodolog\u00edas robustas.<\/li>\n<\/ul>\n\n\n\n<p class=\"wp-block-paragraph\">En este sentido, el administrador p\u00fablico que domina el m\u00e9todo cient\u00edfico no solo est\u00e1 capacitado para interpretar datos, sino para convertirlos en argumentos s\u00f3lidos que respalden acciones, incidan en la agenda p\u00fablica y fortalezcan el desempe\u00f1o institucional. La formaci\u00f3n en este campo no debe considerarse opcional, sino parte del n\u00facleo competencial de un profesional del sector p\u00fablico en el siglo XXI.<\/p>\n\n\n\n<p class=\"wp-block-paragraph\">En esta primera clase, el objetivo es que los estudiantes reconozcan el m\u00e9todo cient\u00edfico como un marco flexible y aplicable a la producci\u00f3n de documentos estrat\u00e9gicos de alto impacto, comprendan sus etapas y valoren su utilidad en el an\u00e1lisis y soluci\u00f3n de problemas p\u00fablicos complejos. Esto no solo mejorar\u00e1 su capacidad de elaborar propuestas t\u00e9cnicas y pol\u00edticas, sino que tambi\u00e9n los posicionar\u00e1 como agentes capaces de transformar la gesti\u00f3n p\u00fablica mediante el uso riguroso del conocimiento.<\/p>\n\n\n\n<h2 class=\"wp-block-heading\" id=\"desarrollo-del-tema\">Objetivo did\u00e1ctico de la clase<\/h2>\n\n\n\n<p class=\"wp-block-paragraph\">Aplicar las etapas del m\u00e9todo cient\u00edfico en la investigaci\u00f3n y resoluci\u00f3n de problemas p\u00fablicos, para fundamentar la elaboraci\u00f3n de documentos estrat\u00e9gicos propios de la administraci\u00f3n p\u00fablica.<\/p>\n\n\n\n<h2 class=\"wp-block-heading\" id=\"conclusion\">Contenido did\u00e1ctico<\/h2>\n\n\n\n<p class=\"wp-block-paragraph\">A continuaci\u00f3n, se presenta el contenido did\u00e1ctico de acceso abierto o institucional para profundizar en el tema.<\/p>\n\n\n\n<figure class=\"wp-block-table\"><table><thead><tr><th class=\"has-text-align-center\" data-align=\"center\">No.<\/th><th>Nombre del recurso<\/th><th>Sinopsis<\/th><th class=\"has-text-align-center\" data-align=\"center\">Tipo de recurso<\/th><th class=\"has-text-align-center\" data-align=\"center\">Enlace Web<\/th><\/tr><\/thead><tbody><tr><td class=\"has-text-align-center\" data-align=\"center\">1<\/td><td>Creswell, J. W., &amp; Creswell, J. D. (2018). <em>Research design: Qualitative, quantitative, and mixed methods approaches<\/em> (5th ed.). SAGE<\/td><td>Texto fundamental en el \u00e1mbito de la investigaci\u00f3n, ofreciendo una gu\u00eda integral para la planificaci\u00f3n y dise\u00f1o de estudios. El libro abarca los tres principales enfoques de investigaci\u00f3n: cualitativo, cuantitativo y de m\u00e9todos mixtos. Su estructura se centra en ayudar a los investigadores a formular preguntas, seleccionar el m\u00e9todo apropiado y estructurar su propuesta de investigaci\u00f3n. Es una obra muy utilizada en el \u00e1mbito acad\u00e9mico y es conocida por su enfoque pr\u00e1ctico y accesible.<\/td><td class=\"has-text-align-center\" data-align=\"center\">Libro PDF<\/td><td class=\"has-text-align-center\" data-align=\"center\">[<a href=\"https:\/\/drive.google.com\/file\/d\/1LrtuJa6ZTlL3fyhnOWpwpN0hH_ncIfVj\/view?usp=sharing\" target=\"_blank\" rel=\"noreferrer noopener\">Acceder<\/a>]<\/td><\/tr><tr><td class=\"has-text-align-center\" data-align=\"center\">2<\/td><td>Bardach, E., &amp; Patashnik, E. M. (2020). <em>A practical guide for policy analysis: The eightfold path to more effective problem solving<\/em> (6th ed.). CQ Press. [Cap. 1 y 2]<\/td><td>Los cap\u00edtulos 1 y 2 de este libro son la base para el an\u00e1lisis de pol\u00edticas, presentando el famoso \u00abCamino \u00d3ctuple\u00bb. Aqu\u00ed se define el an\u00e1lisis como una herramienta pr\u00e1ctica para resolver problemas. Se ense\u00f1a a definir el problema de manera efectiva, lo cual es el paso m\u00e1s crucial, y a recopilar evidencia de forma eficiente, entendiendo que el tiempo es limitado. El objetivo es guiar al lector en un pensamiento estructurado para proponer soluciones viables a problemas complejos en el mundo real.<\/td><td class=\"has-text-align-center\" data-align=\"center\">Libro PDF<\/td><td class=\"has-text-align-center\" data-align=\"center\">[<a href=\"https:\/\/drive.google.com\/file\/d\/1NpKuJ8XtYu4jAQ96UzIKYQBKcpfuVysq\/view?usp=sharing\" target=\"_blank\" rel=\"noreferrer noopener\">Acceder<\/a>]<\/td><\/tr><\/tbody><\/table><\/figure>\n\n\n\n<h3 class=\"wp-block-heading\">Material did\u00e1ctico complementario<\/h3>\n\n\n\n<figure class=\"wp-block-table\"><table><thead><tr><th class=\"has-text-align-center\" data-align=\"center\">No.<\/th><th>Nombre del recurso<\/th><th>Sinopsis<\/th><th class=\"has-text-align-center\" data-align=\"center\">Tipo de recurso<\/th><th class=\"has-text-align-center\" data-align=\"center\">Enlace Web<\/th><\/tr><\/thead><tbody><tr><td class=\"has-text-align-center\" data-align=\"center\">1<\/td><td>Aguilar Villanueva, L. F. (2010). <em>El estudio de las pol\u00edticas p\u00fablicas<\/em>. Siglo XXI.<\/td><td>Este libro es una obra de referencia en el mundo hispanohablante y abarca los conceptos clave, modelos y etapas del proceso de an\u00e1lisis de pol\u00edticas de manera integral. Es una alternativa excelente y muy reconocida en el \u00e1mbito acad\u00e9mico.<\/td><td class=\"has-text-align-center\" data-align=\"center\">Informe PDF<\/td><td class=\"has-text-align-center\" data-align=\"center\">[<a href=\"https:\/\/drive.google.com\/file\/d\/1894j-wC3yyT5gexxd6WgdOY4nKidVS-f\/view?usp=sharing\" target=\"_blank\" rel=\"noreferrer noopener\">Acceder<\/a>]<\/td><\/tr><tr><td class=\"has-text-align-center\" data-align=\"center\">2<\/td><td>OECD. (2020). <em>Government at a glance Latin America and the Caribbean&nbsp; 2020<\/em>. OECD Publishing.<\/td><td>Es una publicaci\u00f3n que ofrece una visi\u00f3n comparativa del desempe\u00f1o de la administraci\u00f3n p\u00fablica y la gobernanza en los pa\u00edses de Am\u00e9rica Latina y el Caribe. A trav\u00e9s de indicadores clave, el informe eval\u00faa \u00e1reas como las finanzas p\u00fablicas, el empleo gubernamental y la calidad de las instituciones. Su prop\u00f3sito es servir como una herramienta para que los responsables pol\u00edticos y los investigadores identifiquen el progreso, las buenas pr\u00e1cticas y las \u00e1reas de mejora en la gesti\u00f3n gubernamental de la regi\u00f3n.<\/td><td class=\"has-text-align-center\" data-align=\"center\">Informe PDF<\/td><td class=\"has-text-align-center\" data-align=\"center\">[<a href=\"https:\/\/drive.google.com\/file\/d\/1O4XeV3hpqJIFKuUw3rUpNbLKnrga8OSf\/view?usp=sharing\" target=\"_blank\" rel=\"noreferrer noopener\">Acceder<\/a>]<\/td><\/tr><\/tbody><\/table><\/figure>\n\n\n\n<h2 class=\"wp-block-heading\" id=\"fuentes-de-informacion\">Resumen e ideas relevantes de la clase digital<\/h2>\n\n\n\n<p class=\"wp-block-paragraph\">El m\u00e9todo cient\u00edfico es un proceso sistem\u00e1tico que permite formular, comprobar y validar hip\u00f3tesis para la generaci\u00f3n de conocimiento confiable. En la administraci\u00f3n p\u00fablica, su aplicaci\u00f3n trasciende el \u00e1mbito acad\u00e9mico para convertirse en una herramienta operativa y estrat\u00e9gica, esencial para dise\u00f1ar pol\u00edticas, programas y proyectos basados en evidencia.<\/p>\n\n\n\n<p class=\"wp-block-paragraph\">A lo largo de esta clase, el estudiante se adentra en los elementos y etapas que componen el m\u00e9todo cient\u00edfico \u2014planteamiento del problema, formulaci\u00f3n de hip\u00f3tesis, recolecci\u00f3n y an\u00e1lisis de datos, y validaci\u00f3n de propuestas\u2014, entendiendo c\u00f3mo se adaptan al ciclo de las pol\u00edticas p\u00fablicas. El an\u00e1lisis no se limita a la teor\u00eda: se examinan productos concretos como policy briefs, policy memos, notas t\u00e9cnicas e informes t\u00e9cnicos, que son resultado de procesos investigativos y que cumplen un rol determinante en la comunicaci\u00f3n y sustentaci\u00f3n de decisiones p\u00fablicas.<br>Los materiales de estudio ofrecen una s\u00f3lida base te\u00f3rica y pr\u00e1ctica. Creswell y Creswell (2018) presentan un marco integral para dise\u00f1ar investigaciones cualitativas, cuantitativas y mixtas, adaptables a problemas de gesti\u00f3n p\u00fablica. Bardach y Patashnik (2020) aportan una ruta pr\u00e1ctica en ocho pasos para el an\u00e1lisis de pol\u00edticas, \u00fatil para convertir un diagn\u00f3stico en una propuesta viable. El video de la Escuela de Gobierno del TEC de Monterrey ejemplifica de forma visual y aplicada la conexi\u00f3n entre el m\u00e9todo cient\u00edfico y la formulaci\u00f3n de pol\u00edticas p\u00fablicas.<\/p>\n\n\n\n<p class=\"wp-block-paragraph\">En el plano complementario, Dunn (2018) muestra c\u00f3mo el an\u00e1lisis de pol\u00edticas es un proceso integral que combina m\u00e9todos y datos para producir conocimiento relevante; la OECD (2020) proporciona datos y comparativas internacionales que ilustran el valor de la evidencia para la toma de decisiones; y Shaxson (2016) ofrece estrategias para integrar investigaci\u00f3n y evidencia en la pr\u00e1ctica gubernamental.<\/p>\n\n\n\n<p class=\"wp-block-paragraph\">Al finalizar la clase, el estudiante reconoce la importancia del m\u00e9todo cient\u00edfico en la administraci\u00f3n p\u00fablica y adquiere criterios para aplicarlo en la elaboraci\u00f3n de documentos estrat\u00e9gicos y toma de decisiones, fortaleciendo as\u00ed su capacidad de dise\u00f1ar y evaluar propuestas con base en datos verificables y metodolog\u00edas s\u00f3lidas.<\/p>\n","protected":false},"excerpt":{"rendered":"<p>Presentaci\u00f3n del tema El m\u00e9todo cient\u00edfico, entendido como un proceso sistem\u00e1tico, ordenado y verificable para la producci\u00f3n de conocimiento, constituye un pilar fundamental no solo en la investigaci\u00f3n acad\u00e9mica, sino tambi\u00e9n en la pr\u00e1ctica profesional de la administraci\u00f3n p\u00fablica. Su aplicaci\u00f3n en este campo no se reduce a la mera formulaci\u00f3n de teor\u00edas, sino que &#8230; <a title=\"Clase digital 1. M\u00e9todo cient\u00edfico aplicado a la administraci\u00f3n p\u00fablica\" class=\"read-more\" href=\"https:\/\/blogs.ugto.mx\/rea\/clase-digital-1-plantilla-por-curaduria\/\" aria-label=\"Leer m\u00e1s sobre Clase digital 1. M\u00e9todo cient\u00edfico aplicado a la administraci\u00f3n p\u00fablica\">Leer m\u00e1s<\/a><\/p>\n","protected":false},"author":142,"featured_media":0,"comment_status":"closed","ping_status":"closed","sticky":false,"template":"","format":"standard","meta":{"_acf_changed":false,"_crdt_document":"","episode_type":"","audio_file":"","podmotor_file_id":"","podmotor_episode_id":"","cover_image":"","cover_image_id":"","duration":"","filesize":"","filesize_raw":"","date_recorded":"","explicit":"","block":"","itunes_episode_number":"","itunes_title":"","itunes_season_number":"","itunes_episode_type":"","footnotes":""},"categories":[917,923],"tags":[41,922,920],"class_list":["post-36201","post","type-post","status-publish","format-standard","hentry","category-liemciatura-en-administracion-publica","category-uda-seminari-de-tesis","tag-clase-digital","tag-eali05147","tag-jose-de-jesus-ramirez-macias"],"acf":[],"jetpack_featured_media_url":"","_links":{"self":[{"href":"https:\/\/blogs.ugto.mx\/rea\/wp-json\/wp\/v2\/posts\/36201","targetHints":{"allow":["GET"]}}],"collection":[{"href":"https:\/\/blogs.ugto.mx\/rea\/wp-json\/wp\/v2\/posts"}],"about":[{"href":"https:\/\/blogs.ugto.mx\/rea\/wp-json\/wp\/v2\/types\/post"}],"author":[{"embeddable":true,"href":"https:\/\/blogs.ugto.mx\/rea\/wp-json\/wp\/v2\/users\/142"}],"replies":[{"embeddable":true,"href":"https:\/\/blogs.ugto.mx\/rea\/wp-json\/wp\/v2\/comments?post=36201"}],"version-history":[{"count":7,"href":"https:\/\/blogs.ugto.mx\/rea\/wp-json\/wp\/v2\/posts\/36201\/revisions"}],"predecessor-version":[{"id":36431,"href":"https:\/\/blogs.ugto.mx\/rea\/wp-json\/wp\/v2\/posts\/36201\/revisions\/36431"}],"wp:attachment":[{"href":"https:\/\/blogs.ugto.mx\/rea\/wp-json\/wp\/v2\/media?parent=36201"}],"wp:term":[{"taxonomy":"category","embeddable":true,"href":"https:\/\/blogs.ugto.mx\/rea\/wp-json\/wp\/v2\/categories?post=36201"},{"taxonomy":"post_tag","embeddable":true,"href":"https:\/\/blogs.ugto.mx\/rea\/wp-json\/wp\/v2\/tags?post=36201"}],"curies":[{"name":"wp","href":"https:\/\/api.w.org\/{rel}","templated":true}]}}