{"id":36215,"date":"2025-08-18T18:09:59","date_gmt":"2025-08-18T18:09:59","guid":{"rendered":"https:\/\/blogs.ugto.mx\/rea\/?p=36215"},"modified":"2025-08-21T15:25:58","modified_gmt":"2025-08-21T15:25:58","slug":"clase-digital-8-la-compleja-relacion-entre-la-gestion-publica-gp-y-la-teoria-de-la-organizacion","status":"publish","type":"post","link":"https:\/\/blogs.ugto.mx\/rea\/clase-digital-8-la-compleja-relacion-entre-la-gestion-publica-gp-y-la-teoria-de-la-organizacion\/","title":{"rendered":"Clase digital 8. La compleja relaci\u00f3n entre la Gesti\u00f3n P\u00fablica (GP) y la Teor\u00eda de la Organizaci\u00f3n"},"content":{"rendered":"\n\n\n<div class=\"wp-block-cover is-light\" style=\"min-height:284px;aspect-ratio:unset;\"><img decoding=\"async\" class=\"wp-block-cover__image-background wp-image-36330 size-full\" alt=\"\" src=\"data:image\/gif;base64,R0lGODlhAQABAIAAAAAAAP\/\/\/yH5BAEAAAAALAAAAAABAAEAAAIBRAA7\" data-src=\"https:\/\/blogs.ugto.mx\/rea\/wp-content\/uploads\/sites\/71\/2025\/08\/Captura-de-Pantalla-2025-08-21-a-las-9.25.35.png\" style=\"object-position:45% 27%\" data-object-fit=\"cover\" data-object-position=\"45% 27%\" \/><noscript><img loading=\"lazy\" decoding=\"async\" width=\"1797\" height=\"885\" class=\"wp-block-cover__image-background wp-image-36330 size-full\" alt=\"\" src=\"https:\/\/blogs.ugto.mx\/rea\/wp-content\/uploads\/sites\/71\/2025\/08\/Captura-de-Pantalla-2025-08-21-a-las-9.25.35.png\" style=\"object-position:45% 27%\" data-object-fit=\"cover\" data-object-position=\"45% 27%\" srcset=\"https:\/\/blogs.ugto.mx\/rea\/wp-content\/uploads\/sites\/71\/2025\/08\/Captura-de-Pantalla-2025-08-21-a-las-9.25.35.png 1797w, https:\/\/blogs.ugto.mx\/rea\/wp-content\/uploads\/sites\/71\/2025\/08\/Captura-de-Pantalla-2025-08-21-a-las-9.25.35-300x148.png 300w, https:\/\/blogs.ugto.mx\/rea\/wp-content\/uploads\/sites\/71\/2025\/08\/Captura-de-Pantalla-2025-08-21-a-las-9.25.35-1024x504.png 1024w, https:\/\/blogs.ugto.mx\/rea\/wp-content\/uploads\/sites\/71\/2025\/08\/Captura-de-Pantalla-2025-08-21-a-las-9.25.35-768x378.png 768w, https:\/\/blogs.ugto.mx\/rea\/wp-content\/uploads\/sites\/71\/2025\/08\/Captura-de-Pantalla-2025-08-21-a-las-9.25.35-1536x756.png 1536w\" sizes=\"auto, (max-width: 1797px) 100vw, 1797px\" \/><\/noscript><span aria-hidden=\"true\" class=\"wp-block-cover__background has-background-dim-20 has-background-dim\" style=\"background-color:#b5b7b0\"><\/span><div class=\"wp-block-cover__inner-container is-layout-flow wp-block-cover-is-layout-flow\">\n<p class=\"has-text-align-center has-base-3-color has-text-color has-large-font-size wp-block-paragraph\">La compleja relaci\u00f3n entre la Gesti\u00f3n P\u00fablica (GP) y la Teor\u00eda de la Organizaci\u00f3n<\/p>\n<\/div><\/div>\n\n\n\n<h2 class=\"wp-block-heading\" id=\"introduccion\">Presentaci\u00f3n del tema<\/h2>\n\n\n\n<p class=\"wp-block-paragraph\">La Gesti\u00f3n P\u00fablica (GP) y la Teor\u00eda de la Organizaci\u00f3n (TO) son dos campos de estudio intr\u00ednsecamente conectados, que, aunque abordan facetas distintas del fen\u00f3meno organizacional en el \u00e1mbito estatal, se influyen mutuamente y enfrentan tensiones epistemol\u00f3gicas y pr\u00e1cticas constantes. La GP se enfoca en el dise\u00f1o, la implementaci\u00f3n y la evaluaci\u00f3n de pol\u00edticas y servicios p\u00fablicos, priorizando la eficiencia, la eficacia y la legitimidad en la acci\u00f3n gubernamental (Osborne, 2006; Moore, 1995). Por otro lado, la TO se dedica al an\u00e1lisis profundo de las estructuras, procesos y comportamientos dentro de las organizaciones, as\u00ed como su interacci\u00f3n din\u00e1mica con el entorno en el que operan (Scott &amp; Davis, 2007).<\/p>\n\n\n\n<p class=\"wp-block-paragraph\">Esta interacci\u00f3n no es una novedad, sino una constante hist\u00f3rica. Desde los principios de la administraci\u00f3n cient\u00edfica de Frederick Taylor, que buscaba optimizar la productividad a trav\u00e9s de la racionalizaci\u00f3n del trabajo, hasta los modelos m\u00e1s recientes de gobernanza en red, que enfatizan la colaboraci\u00f3n entre m\u00faltiples actores, ambos campos han intercambiado conceptos, m\u00e9todos y marcos normativos cruciales (Hood, 1991; Mintzberg, 1979). Este di\u00e1logo ha enriquecido la comprensi\u00f3n de c\u00f3mo funcionan las instituciones p\u00fablicas y c\u00f3mo pueden adaptarse a las crecientes demandas de la sociedad.<\/p>\n\n\n\n<p class=\"wp-block-paragraph\">En el \u00e1mbito conceptual, la GP ha integrado valiosas aportaciones de la TO para entender la complejidad inherente a las organizaciones p\u00fablicas. La <strong>teor\u00eda de sistemas<\/strong> ha permitido reconocer que las instituciones gubernamentales no son entidades aisladas, sino sistemas abiertos que interact\u00faan con un entorno din\u00e1mico y diverso. El <strong>enfoque contingencial<\/strong> ha demostrado que no existe una \u00fanica estructura organizacional \u00f3ptima, sino que la efectividad depende de la adaptaci\u00f3n a factores contextuales espec\u00edficos. Asimismo, el <strong>institucionalismo<\/strong> ha revelado la importancia de las normas, valores y creencias que configuran el comportamiento de los actores y la persistencia de ciertas pr\u00e1cticas organizacionales, incluso frente a presiones de cambio. Estas perspectivas han sido fundamentales para comprender que las organizaciones p\u00fablicas operan en entornos complejos, con m\u00faltiples actores, intereses divergentes y constantes presiones (Christensen &amp; L\u00e6greid, 2011).<\/p>\n\n\n\n<p class=\"wp-block-paragraph\">Rec\u00edprocamente, la TO ha capitalizado los estudios de la GP para profundizar en c\u00f3mo las pol\u00edticas p\u00fablicas, las expectativas ciudadanas y las crecientes exigencias de transparencia y rendici\u00f3n de cuentas impactan las din\u00e1micas internas y la configuraci\u00f3n estructural de las organizaciones. Por ejemplo, las demandas de una mayor participaci\u00f3n ciudadana o la necesidad de implementar programas sociales complejos influyen directamente en la manera en que se dise\u00f1an los procesos, se distribuye la autoridad y se forman las coaliciones dentro de una instituci\u00f3n p\u00fablica (DiMaggio &amp; Powell, 1983). Un claro ejemplo de esta interdependencia se observa en la reforma de un sistema de salud nacional: su \u00e9xito no puede atribuirse \u00fanicamente a la eficiencia t\u00e9cnica de las pol\u00edticas de salud (GP), sino que tambi\u00e9n depende crucialmente de factores culturales, normativos y de poder arraigados en la burocracia de los hospitales y ministerios de salud (TO).<\/p>\n\n\n\n<p class=\"wp-block-paragraph\">A pesar de esta mutua dependencia, existen diferencias fundamentales en el enfoque y la orientaci\u00f3n de la GP y la TO que generan tensiones y complementariedades:<\/p>\n\n\n\n<ul class=\"wp-block-list\">\n<li><strong>Orientaci\u00f3n Normativa vs. Descriptiva.<\/strong> La Gesti\u00f3n P\u00fablica tiende a ser marcadamente normativa y prescriptiva. Su principal objetivo es guiar la acci\u00f3n y proponer mejoras concretas en la administraci\u00f3n y el desempe\u00f1o de las entidades gubernamentales. Busca responder a la pregunta de \u00abc\u00f3mo deber\u00edan funcionar\u00bb las organizaciones para lograr objetivos p\u00fablicos. Por el contrario, la Teor\u00eda de la Organizaci\u00f3n es predominantemente descriptiva y anal\u00edtica. Su prop\u00f3sito es explicar \u00abc\u00f3mo funcionan\u00bb realmente las organizaciones, investigando sus estructuras, procesos y comportamientos sin necesariamente ofrecer directrices sobre c\u00f3mo mejorarlos (Peters, 2010).<\/li>\n\n\n\n<li><strong>Foco Externo vs. Interno.<\/strong> La Gesti\u00f3n P\u00fablica prioriza la relaci\u00f3n de la administraci\u00f3n con el ciudadano, la entrega de valor p\u00fablico y la satisfacci\u00f3n de las demandas sociales. Su \u00e9xito se mide en funci\u00f3n del impacto externo y la legitimidad ante la ciudadan\u00eda. En contraste, la Teor\u00eda de la Organizaci\u00f3n se concentra en la coherencia interna de la organizaci\u00f3n, la eficiencia de sus procesos internos y su capacidad de adaptaci\u00f3n estructural a los cambios del entorno. Analiza c\u00f3mo las partes de una organizaci\u00f3n se interrelacionan y se ajustan para mantener su funcionalidad.<\/li>\n\n\n\n<li><strong>Temporalidad del Cambio.<\/strong> Las reformas en la Gesti\u00f3n P\u00fablica a menudo son impulsadas por ciclos pol\u00edticos cortos, alineados con mandatos gubernamentales o coyunturas electorales. Estas reformas buscan resultados r\u00e1pidos y visibles en el corto plazo. Sin embargo, los cambios organizativos profundos, estudiados por la Teor\u00eda de la Organizaci\u00f3n, responden a procesos culturales y estructurales de largo aliento, que implican transformaciones en mentalidades, rutinas y distribuciones de poder, y que no siempre se alinean con los tiempos pol\u00edticos. Un ejemplo ilustrativo es la implementaci\u00f3n de un sistema de gobierno digital: aunque puede ser una prioridad pol\u00edtica inmediata impulsada por la GP, su adopci\u00f3n efectiva y su impacto duradero dependen cr\u00edticamente de procesos internos de aprendizaje organizacional, resistencia al cambio y reconfiguraci\u00f3n de roles dentro de la burocracia (TO).<\/li>\n<\/ul>\n\n\n\n<p class=\"wp-block-paragraph\">En la actualidad, la interrelaci\u00f3n entre la Gesti\u00f3n P\u00fablica y la Teor\u00eda de la Organizaci\u00f3n se ve enriquecida y complejizada por tendencias globales que redefinen el panorama de la administraci\u00f3n p\u00fablica:<\/p>\n\n\n\n<ul class=\"wp-block-list\">\n<li><strong>Gobernanza colaborativa y en red.<\/strong> El surgimiento de desaf\u00edos p\u00fablicos complejos ha impulsado la necesidad de una coordinaci\u00f3n interinstitucional m\u00e1s sofisticada y la colaboraci\u00f3n con actores no estatales. Esto exige una comprensi\u00f3n profunda de las din\u00e1micas de red, la confianza interorganizacional y los mecanismos de coordinaci\u00f3n horizontal, aspectos tradicionalmente estudiados por la TO que son cruciales para la GP.<\/li>\n\n\n\n<li><strong>Uso intensivo de datos e Inteligencia Artificial.<\/strong> La masiva disponibilidad de datos y el avance de la inteligencia artificial est\u00e1n transformando radicalmente los procesos de decisi\u00f3n, el control interno y la prestaci\u00f3n de servicios en el sector p\u00fablico. Esto obliga a la GP a repensar sus modelos operativos, mientras que la TO explora c\u00f3mo estas tecnolog\u00edas modifican las estructuras de poder, la cultura organizacional y las capacidades institucionales.<\/li>\n\n\n\n<li><strong>Enfoques de resiliencia organizativa.<\/strong> Ante la creciente volatilidad, incertidumbre, complejidad y ambig\u00fcedad del entorno global (VUCA), la resiliencia organizacional se ha vuelto un concepto clave. Esto implica no solo la gesti\u00f3n de riesgos (GP), sino tambi\u00e9n la capacidad de adaptaci\u00f3n, el aprendizaje continuo y la flexibilidad institucional para enfrentar crisis y disrupciones, aspectos profundamente analizados por la TO.<\/li>\n<\/ul>\n\n\n\n<p class=\"wp-block-paragraph\">La integraci\u00f3n de estas perspectivas en la formaci\u00f3n y la pr\u00e1ctica de los servidores p\u00fablicos es fundamental. La capacidad de enfrentar los \u00abproblemas complejos\u00bb (<em>wicked problems<\/em>), que no tienen soluciones \u00fanicas y requieren una aproximaci\u00f3n multidisciplinaria, exige tanto una s\u00f3lida capacidad t\u00e9cnica y de gesti\u00f3n (GP) como una comprensi\u00f3n profunda de la l\u00f3gica organizativa y sus complejidades (TO) (Christensen &amp; L\u00e6greid, 2011; Moore, 1995). Solo a trav\u00e9s de una visi\u00f3n hol\u00edstica que combine la visi\u00f3n normativa de la GP con el an\u00e1lisis descriptivo y explicativo de la TO, ser\u00e1 posible construir administraciones p\u00fablicas m\u00e1s robustas, adaptables y capaces de generar verdadero valor p\u00fablico en el siglo XXI.<\/p>\n\n\n\n<h2 class=\"wp-block-heading\" id=\"desarrollo-del-tema\">Objetivo did\u00e1ctico de la clase<\/h2>\n\n\n\n<p class=\"wp-block-paragraph\">Analizar las interacciones conceptuales y pr\u00e1cticas entre la Gesti\u00f3n P\u00fablica y la Teor\u00eda de la Organizaci\u00f3n, identificando puntos de convergencia, tensiones y aportaciones mutuas para comprender la din\u00e1mica institucional en la Administraci\u00f3n P\u00fablica contempor\u00e1nea.<\/p>\n\n\n\n<h2 class=\"wp-block-heading\" id=\"conclusion\">Contenido did\u00e1ctico<\/h2>\n\n\n\n<p class=\"wp-block-paragraph\">A continuaci\u00f3n, se presenta el contenido did\u00e1ctico de acceso abierto o institucional para profundizar en el tema.<\/p>\n\n\n\n<figure class=\"wp-block-table\"><table><thead><tr><th class=\"has-text-align-center\" data-align=\"center\">No.<\/th><th>Nombre del recurso<\/th><th>Sinopsis<\/th><th class=\"has-text-align-center\" data-align=\"center\">Tipo de recurso<\/th><th class=\"has-text-align-center\" data-align=\"center\">Enlace Web<\/th><\/tr><\/thead><tbody><tr><td class=\"has-text-align-center\" data-align=\"center\">1<\/td><td>Ibarra-Colado, E. y Monta\u00f1o-Hirose, L. (1992). Teor\u00eda de la organizaci\u00f3n y administraci\u00f3n p\u00fablica. Insuficiencia, simpleza y desaf\u00edos de una maltrecha relaci\u00f3n. <em>Gesti\u00f3n y Pol\u00edtica P\u00fablica<\/em>, <em>1<\/em>(1), 49-75.<\/td><td><\/td><td class=\"has-text-align-center\" data-align=\"center\"><\/td><td class=\"has-text-align-center\" data-align=\"center\">[<a href=\"https:\/\/drive.google.com\/file\/d\/1G_PzFK4UipUsqanr68YXPcIkJvq4KZzn\/view?usp=sharing\" target=\"_blank\" rel=\"noreferrer noopener\">Acceder<\/a>]<\/td><\/tr><tr><td class=\"has-text-align-center\" data-align=\"center\">2<\/td><td><strong>Morej\u00f3n Santistevan, M. E. (2016).<\/strong> La teor\u00eda organizacional: an\u00e1lisis de su enfoque en una administraci\u00f3n p\u00fablica y su diferencia en una administraci\u00f3n privada. <em>Revista Enfoques: Ciencia Pol\u00edtica y Administraci\u00f3n P\u00fablica, 14<\/em>(25), 127-143.<\/td><td>Este art\u00edculo analiza las diferencias en la aplicaci\u00f3n de la teor\u00eda organizacional entre el sector p\u00fablico y privado.<\/td><td class=\"has-text-align-center\" data-align=\"center\">Art\u00edculo PDF<\/td><td class=\"has-text-align-center\" data-align=\"center\">[<a href=\"https:\/\/drive.google.com\/file\/d\/1KEBhrZogmEu6wZ6RIQTllDGVWXuX6cFk\/view?usp=sharing\" target=\"_blank\" rel=\"noreferrer noopener\">Acceder<\/a>]<\/td><\/tr><tr><td class=\"has-text-align-center\" data-align=\"center\">3<\/td><td>Arellano Gault, D., Cabrero Mendoza, E. y Moreno Parada, S. (2005). La nueva gesti\u00f3n p\u00fablica y su teor\u00eda de la organizaci\u00f3n: \u00bfSon argumentos antiliberales? Justicia y equidad en el debate organizacional p\u00fablico. <em>Gesti\u00f3n y Pol\u00edtica P\u00fablica, 14<\/em>(3), 599-618<\/td><td>&nbsp;En este trabajo, los autores discuten la relaci\u00f3n entre la Nueva Gesti\u00f3n P\u00fablica y la teor\u00eda de la organizaci\u00f3n, un debate contempor\u00e1neo que surge de las cr\u00edticas a los modelos cl\u00e1sicos.<\/td><td class=\"has-text-align-center\" data-align=\"center\">Art\u00edculo PDF<\/td><td class=\"has-text-align-center\" data-align=\"center\">[<a href=\"https:\/\/drive.google.com\/file\/d\/19drhAbY7L7dm8N9anLgaiHvTnZlthyLT\/view?usp=sharing\" target=\"_blank\" rel=\"noreferrer noopener\">Acceder<\/a>]<\/td><\/tr><\/tbody><\/table><\/figure>\n\n\n\n<h3 class=\"wp-block-heading\">Material did\u00e1ctico complementario<\/h3>\n\n\n\n<figure class=\"wp-block-table\"><table><thead><tr><th class=\"has-text-align-center\" data-align=\"center\">No.<\/th><th>Nombre del recurso<\/th><th>Sinopsis<\/th><th class=\"has-text-align-center\" data-align=\"center\">Tipo de recurso<\/th><th class=\"has-text-align-center\" data-align=\"center\">Enlace Web<\/th><\/tr><\/thead><tbody><tr><td class=\"has-text-align-center\" data-align=\"center\">1<\/td><td>Harmon, M. M. y Mayer, R. T. (1999). <em>Teor\u00eda de la organizaci\u00f3n para la administraci\u00f3n p\u00fablica<\/em>. Fondo de Cultura Econ\u00f3mica.<\/td><td>Este libro es un manual fundamental que explora los modelos organizacionales en que act\u00faan los administradores p\u00fablicos, ofreciendo un balance detallado de los aportes te\u00f3ricos.<\/td><td class=\"has-text-align-center\" data-align=\"center\">Libro PDF<\/td><td class=\"has-text-align-center\" data-align=\"center\">[<a href=\"https:\/\/drive.google.com\/file\/d\/1x1Tsvv-RlIhQAY7TmqP1rhyzOHQSeol1\/view?usp=sharing\" target=\"_blank\" rel=\"noreferrer noopener\">Acceder<\/a>]<\/td><\/tr><\/tbody><\/table><\/figure>\n\n\n\n<h2 class=\"wp-block-heading\" id=\"fuentes-de-informacion\">Resumen e ideas relevantes de la clase digital<\/h2>\n\n\n\n<p class=\"wp-block-paragraph\">La relaci\u00f3n entre la Gesti\u00f3n P\u00fablica (GP) y la Teor\u00eda de la Organizaci\u00f3n (TO) constituye un eje central para entender c\u00f3mo funcionan las instituciones p\u00fablicas y c\u00f3mo pueden mejorar su desempe\u00f1o. A lo largo de la historia, la GP ha recurrido a la TO para estructurar y optimizar la administraci\u00f3n de recursos, dise\u00f1ar pol\u00edticas m\u00e1s efectivas y garantizar que los servicios p\u00fablicos respondan a las necesidades ciudadanas. Por su parte, la TO se nutre de los retos reales que enfrenta la GP para afinar sus modelos y teor\u00edas, incorporando dimensiones pol\u00edticas, sociales y culturales que no siempre est\u00e1n presentes en el \u00e1mbito privado.<\/p>\n\n\n\n<p class=\"wp-block-paragraph\">En contextos democr\u00e1ticos, esta relaci\u00f3n se complejiza por la necesidad de equilibrar la eficiencia administrativa con principios como la transparencia, la participaci\u00f3n ciudadana y la rendici\u00f3n de cuentas. Por ejemplo, una reforma administrativa orientada exclusivamente a la reducci\u00f3n de costos podr\u00eda mejorar indicadores de eficiencia, pero si no considera los impactos en la equidad o en la legitimidad social, corre el riesgo de debilitar la confianza en las instituciones. De ah\u00ed que la interacci\u00f3n GP\u2013TO deba entenderse como un di\u00e1logo constante entre lo t\u00e9cnico y lo pol\u00edtico, entre la estructura organizativa y la acci\u00f3n p\u00fablica.<\/p>\n\n\n\n<p class=\"wp-block-paragraph\">En el caso mexicano, la interdependencia entre GP y TO se ve influida por factores como la diversidad institucional de los tres niveles de gobierno, la coexistencia de normas formales con pr\u00e1cticas informales, y la influencia de ciclos pol\u00edticos en el dise\u00f1o y ejecuci\u00f3n de pol\u00edticas. La capacidad de una organizaci\u00f3n p\u00fablica para adaptarse a cambios de contexto \u2014por ejemplo, a nuevas demandas ciudadanas o a modificaciones en el marco legal\u2014 depende tanto de una gesti\u00f3n eficiente como de estructuras organizativas flexibles y coherentes.<\/p>\n\n\n\n<p class=\"wp-block-paragraph\">En s\u00edntesis, comprender esta relaci\u00f3n permite a los futuros profesionales de la Administraci\u00f3n P\u00fablica dise\u00f1ar pol\u00edticas y estructuras que respondan a las complejas realidades del sector p\u00fablico. Esto implica reconocer que no existe un \u00fanico modelo v\u00e1lido para todas las circunstancias, sino que la adaptaci\u00f3n y la coherencia entre teor\u00eda y pr\u00e1ctica son fundamentales para lograr instituciones m\u00e1s efectivas, leg\u00edtimas y sostenibles.<\/p>\n","protected":false},"excerpt":{"rendered":"<p>Presentaci\u00f3n del tema La Gesti\u00f3n P\u00fablica (GP) y la Teor\u00eda de la Organizaci\u00f3n (TO) son dos campos de estudio intr\u00ednsecamente conectados, que, aunque abordan facetas distintas del fen\u00f3meno organizacional en el \u00e1mbito estatal, se influyen mutuamente y enfrentan tensiones epistemol\u00f3gicas y pr\u00e1cticas constantes. La GP se enfoca en el dise\u00f1o, la implementaci\u00f3n y la evaluaci\u00f3n &#8230; <a title=\"Clase digital 8. La compleja relaci\u00f3n entre la Gesti\u00f3n P\u00fablica (GP) y la Teor\u00eda de la Organizaci\u00f3n\" class=\"read-more\" href=\"https:\/\/blogs.ugto.mx\/rea\/clase-digital-8-la-compleja-relacion-entre-la-gestion-publica-gp-y-la-teoria-de-la-organizacion\/\" aria-label=\"Leer m\u00e1s sobre Clase digital 8. La compleja relaci\u00f3n entre la Gesti\u00f3n P\u00fablica (GP) y la Teor\u00eda de la Organizaci\u00f3n\">Leer m\u00e1s<\/a><\/p>\n","protected":false},"author":142,"featured_media":0,"comment_status":"closed","ping_status":"closed","sticky":false,"template":"","format":"standard","meta":{"_acf_changed":false,"_crdt_document":"","episode_type":"","audio_file":"","podmotor_file_id":"","podmotor_episode_id":"","cover_image":"","cover_image_id":"","duration":"","filesize":"","filesize_raw":"","date_recorded":"","explicit":"","block":"","itunes_episode_number":"","itunes_title":"","itunes_season_number":"","itunes_episode_type":"","footnotes":""},"categories":[917,921],"tags":[41,922,920],"class_list":["post-36215","post","type-post","status-publish","format-standard","hentry","category-liemciatura-en-administracion-publica","category-uda-teoria-de-las-organizaciones-publicas","tag-clase-digital","tag-eali05147","tag-jose-de-jesus-ramirez-macias"],"acf":[],"jetpack_featured_media_url":"","_links":{"self":[{"href":"https:\/\/blogs.ugto.mx\/rea\/wp-json\/wp\/v2\/posts\/36215","targetHints":{"allow":["GET"]}}],"collection":[{"href":"https:\/\/blogs.ugto.mx\/rea\/wp-json\/wp\/v2\/posts"}],"about":[{"href":"https:\/\/blogs.ugto.mx\/rea\/wp-json\/wp\/v2\/types\/post"}],"author":[{"embeddable":true,"href":"https:\/\/blogs.ugto.mx\/rea\/wp-json\/wp\/v2\/users\/142"}],"replies":[{"embeddable":true,"href":"https:\/\/blogs.ugto.mx\/rea\/wp-json\/wp\/v2\/comments?post=36215"}],"version-history":[{"count":5,"href":"https:\/\/blogs.ugto.mx\/rea\/wp-json\/wp\/v2\/posts\/36215\/revisions"}],"predecessor-version":[{"id":36331,"href":"https:\/\/blogs.ugto.mx\/rea\/wp-json\/wp\/v2\/posts\/36215\/revisions\/36331"}],"wp:attachment":[{"href":"https:\/\/blogs.ugto.mx\/rea\/wp-json\/wp\/v2\/media?parent=36215"}],"wp:term":[{"taxonomy":"category","embeddable":true,"href":"https:\/\/blogs.ugto.mx\/rea\/wp-json\/wp\/v2\/categories?post=36215"},{"taxonomy":"post_tag","embeddable":true,"href":"https:\/\/blogs.ugto.mx\/rea\/wp-json\/wp\/v2\/tags?post=36215"}],"curies":[{"name":"wp","href":"https:\/\/api.w.org\/{rel}","templated":true}]}}