{"id":368,"date":"2021-12-22T19:42:17","date_gmt":"2021-12-22T19:42:17","guid":{"rendered":"https:\/\/blogs.ugto.mx\/rea\/?p=368"},"modified":"2022-02-08T18:51:50","modified_gmt":"2022-02-08T18:51:50","slug":"clase-digital-9-regulacion-de-la-expresion-genica-regulacion-en-procariotas","status":"publish","type":"post","link":"https:\/\/blogs.ugto.mx\/rea\/clase-digital-9-regulacion-de-la-expresion-genica-regulacion-en-procariotas\/","title":{"rendered":"Clase digital 9. Regulaci\u00f3n de la expresi\u00f3n g\u00e9nica. Regulaci\u00f3n en procariotas"},"content":{"rendered":"\n\n\n<div class=\"wp-block-cover is-light\" style=\"min-height:284px;aspect-ratio:unset;\"><span aria-hidden=\"true\" class=\"has-background-dim-40 wp-block-cover__gradient-background has-background-dim\"><\/span><img decoding=\"async\" class=\"wp-block-cover__image-background wp-image-366\" alt=\"\" src=\"data:image\/gif;base64,R0lGODlhAQABAIAAAAAAAP\/\/\/yH5BAEAAAAALAAAAAABAAEAAAIBRAA7\" data-src=\"https:\/\/blogs.ugto.mx\/rea\/wp-content\/uploads\/sites\/71\/2021\/11\/science-gfe556ead4_1920.jpg\" style=\"object-position:69% 80%\" data-object-fit=\"cover\" data-object-position=\"69% 80%\" \/><noscript><img loading=\"lazy\" decoding=\"async\" width=\"1920\" height=\"1920\" class=\"wp-block-cover__image-background wp-image-366\" alt=\"\" src=\"https:\/\/blogs.ugto.mx\/rea\/wp-content\/uploads\/sites\/71\/2021\/11\/science-gfe556ead4_1920.jpg\" style=\"object-position:69% 80%\" data-object-fit=\"cover\" data-object-position=\"69% 80%\" srcset=\"https:\/\/blogs.ugto.mx\/rea\/wp-content\/uploads\/sites\/71\/2021\/11\/science-gfe556ead4_1920.jpg 1920w, https:\/\/blogs.ugto.mx\/rea\/wp-content\/uploads\/sites\/71\/2021\/11\/science-gfe556ead4_1920-300x300.jpg 300w, https:\/\/blogs.ugto.mx\/rea\/wp-content\/uploads\/sites\/71\/2021\/11\/science-gfe556ead4_1920-1024x1024.jpg 1024w, https:\/\/blogs.ugto.mx\/rea\/wp-content\/uploads\/sites\/71\/2021\/11\/science-gfe556ead4_1920-150x150.jpg 150w, https:\/\/blogs.ugto.mx\/rea\/wp-content\/uploads\/sites\/71\/2021\/11\/science-gfe556ead4_1920-768x768.jpg 768w, https:\/\/blogs.ugto.mx\/rea\/wp-content\/uploads\/sites\/71\/2021\/11\/science-gfe556ead4_1920-1536x1536.jpg 1536w\" sizes=\"auto, (max-width: 1920px) 100vw, 1920px\" \/><\/noscript><div class=\"wp-block-cover__inner-container is-layout-flow wp-block-cover-is-layout-flow\">\n<p class=\"has-text-align-center has-base-3-color has-text-color has-large-font-size wp-block-paragraph\">Regulaci\u00f3n de la expresi\u00f3n g\u00e9nica. Regulaci\u00f3n en procariotas<\/p>\n<\/div><\/div>\n\n\n\n<h2 class=\"wp-block-heading\" id=\"introduccion\">Introducci\u00f3n<\/h2>\n\n\n\n<p class=\"wp-block-paragraph\">\u00a1Hola!<\/p>\n\n\n\n<p class=\"wp-block-paragraph\">Es un privilegio contar con tu asistencia en esta nueva sesi\u00f3n, te aseguro que la vas a disfrutar y aprender\u00e1s mucho, es por ello que te invito a la novena sesi\u00f3n denominada Regulaci\u00f3n de la expresi\u00f3n g\u00e9nica: Regulaci\u00f3n en procariotas de la unidad de aprendizaje <strong>Biolog\u00eda Molecular<\/strong>.<\/p>\n\n\n\n<p class=\"wp-block-paragraph\">En esta sesi\u00f3n estudiaremos el proceso de regulaci\u00f3n de la expresi\u00f3n, es decir, veremos los mecanismos que operan para controlar que genes se expresan bajo ciertas condiciones y cu\u00e1les se deben apagar.<br>La expresi\u00f3n de un gen puede ser controlada en varias etapas, sin embargo, la m\u00e1s importante y en la que se ejerce un mayor control es durante la transcripci\u00f3n. Debido a esto nos enfocaremos en el control que existe sobre el proceso de la transcripci\u00f3n, que como recordar\u00e1s es la primera etapa en la expresi\u00f3n del gen.<\/p>\n\n\n\n<p class=\"wp-block-paragraph\">Iniciaremos con algunos conceptos b\u00e1sicos y mecanismos generales de regulaci\u00f3n, para posteriormente ver como se llevan a cabo en procariotas. La regulaci\u00f3n en eucariotas se revisar\u00e1 en la siguiente clase.<\/p>\n\n\n\n<p class=\"wp-block-paragraph\">De este modo te invito a iniciar con actitud la clase: \u00a1comencemos!<\/p>\n\n\n\n<h2 class=\"wp-block-heading\" id=\"desarrollo-del-tema\">Desarrollo del tema<\/h2>\n\n\n\n<p class=\"wp-block-paragraph\">El t\u00e9rmino expresi\u00f3n g\u00e9nica se refiere al proceso mediante el cual la informaci\u00f3n codificada en un gen se transcribe en uno o varios ARN funcionales. La expresi\u00f3n de un gen se inicia con el proceso de transcripci\u00f3n controlado por prote\u00ednas denominadas factores transcripcionales, regulados por se\u00f1ales recibidas por las c\u00e9lulas, y concluye con la producci\u00f3n de un ARN funcional y, posteriormente, en el caso de los ARNm, con la traducci\u00f3n de una prote\u00edna madura y activa.<\/p>\n\n\n\n<p class=\"wp-block-paragraph\">Los factores transcripcionales son prote\u00ednas de uni\u00f3n al ADN que reconocen una secuencia espec\u00edfica y se requieren para el encendido y apagado de los genes.<\/p>\n\n\n\n<div class=\"wp-block-image\"><figure class=\"aligncenter size-full is-resized\"><img loading=\"lazy\" decoding=\"async\" src=\"data:image\/gif;base64,R0lGODlhAQABAIAAAAAAAP\/\/\/yH5BAEAAAAALAAAAAABAAEAAAIBRAA7\" data-src=\"https:\/\/blogs.ugto.mx\/rea\/wp-content\/uploads\/sites\/71\/2021\/11\/UDA_BiologiaMolecular_Imagen57.jpg\" alt=\"\" class=\"wp-image-370\" width=\"640\" height=\"440\" \/><noscript><img loading=\"lazy\" decoding=\"async\" src=\"https:\/\/blogs.ugto.mx\/rea\/wp-content\/uploads\/sites\/71\/2021\/11\/UDA_BiologiaMolecular_Imagen57.jpg\" alt=\"\" class=\"wp-image-370\" width=\"640\" height=\"440\" \/><\/noscript><figcaption>Imagen 1. Las prote\u00ednas de uni\u00f3n al ADN incluyen factores de transcripci\u00f3n que modulan el proceso de transcripci\u00f3n.<\/figcaption><\/figure><\/div>\n\n\n\n<p class=\"wp-block-paragraph\">La expresi\u00f3n de un gen se regula en diferentes niveles, desde su inicio hasta su terminaci\u00f3n. Los niveles de control de la expresi\u00f3n de un gen son los siguientes:<\/p>\n\n\n\n<ol class=\"wp-block-list\"><li>Pretranscripci\u00f3n.<\/li><li>Transcripci\u00f3n.<\/li><li>Procesamiento del transcrito primario de ARN.<\/li><li>Transporte del ARNm al citoplasma.<\/li><li>Traducci\u00f3n del ARNm.<\/li><li>Degradaci\u00f3n del ARNm.<\/li><li>Modificaciones postraduccionales<\/li><\/ol>\n\n\n\n<p class=\"wp-block-paragraph\">En el siguiente video titulado <a href=\"https:\/\/www-jove-com.e-revistas.ugto.mx\/es\/science-education\/11606\/regulation-of-expression-occurs-at-multiple-steps\" target=\"_blank\" rel=\"noreferrer noopener nofollow\">Cell Specific Gene Expression<\/a>, se muestran estos niveles de control.<\/p>\n\n\n\n<p class=\"wp-block-paragraph\">El control transcripcional es el m\u00e1s com\u00fan, debido a que con este se asegura que la c\u00e9lula no genere intermediarios innecesarios. Debido a esto, es en este nivel de control en el que nos vamos a enfocar.<\/p>\n\n\n\n<h3 class=\"wp-block-heading\" id=\"control-transcripcional-en-procariotas\">Control transcripcional en procariotas<\/h3>\n\n\n\n<p class=\"wp-block-paragraph\">El concepto b\u00e1sico de como es regulada la transcripci\u00f3n en bacterias es denominado el modelo Operon. Los genes bacterianos est\u00e1n organizados en operones, que son agregados de genes que se transcriben a partir de un mismo promotor y cuya expresi\u00f3n es regulada por una secuencia denominada Operador.<\/p>\n\n\n\n<div class=\"wp-block-image\"><figure class=\"aligncenter size-full is-resized\"><img loading=\"lazy\" decoding=\"async\" src=\"data:image\/gif;base64,R0lGODlhAQABAIAAAAAAAP\/\/\/yH5BAEAAAAALAAAAAABAAEAAAIBRAA7\" data-src=\"https:\/\/blogs.ugto.mx\/rea\/wp-content\/uploads\/sites\/71\/2021\/11\/UDA_BiologiaMolecular_Imagen58.png\" alt=\"\" class=\"wp-image-372\" width=\"640\" height=\"440\" \/><noscript><img loading=\"lazy\" decoding=\"async\" src=\"https:\/\/blogs.ugto.mx\/rea\/wp-content\/uploads\/sites\/71\/2021\/11\/UDA_BiologiaMolecular_Imagen58.png\" alt=\"\" class=\"wp-image-372\" width=\"640\" height=\"440\" \/><\/noscript><figcaption>Imagen 2. Los genomas bacterianos son generalmente m\u00e1s peque\u00f1os y de menor tama\u00f1o entre las especies en comparaci\u00f3n con los genomas de eucariotas.<\/figcaption><\/figure><\/div>\n\n\n\n<h2 class=\"wp-block-heading\" id=\"conclusion\">Conclusi\u00f3n<\/h2>\n\n\n\n<p class=\"wp-block-paragraph\">En conclusi\u00f3n, en esta clase vimos c\u00f3mo es que la expresi\u00f3n de los genes es regulada. La etapa que es m\u00e1s susceptible a regulaci\u00f3n es el paso de ADN a ARN, es decir, la transcripci\u00f3n, debido a que es el primer paso en la expresi\u00f3n de un gen y por eso debe estar finamente controlado.<\/p>\n\n\n\n<p class=\"wp-block-paragraph\">Tambi\u00e9n se abord\u00f3 el modelo b\u00e1sico de regulaci\u00f3n en procariotas, el oper\u00f3n. El cual consiste en la regulaci\u00f3n de un conjunto de genes por acci\u00f3n de un operador, el cual va a controlar la expresi\u00f3n de todos los genes que est\u00e1n incluidos en el oper\u00f3n. Generalmente los genes que se encuentran organizados en operones, est\u00e1n involucrados en la misma ruta metab\u00f3lica o de se\u00f1alizaci\u00f3n.<\/p>\n\n\n\n<p class=\"wp-block-paragraph\">Adem\u00e1s pudiste ver c\u00f3mo es el funcionamiento de dos operones importantes, el operon lactosa y el operon tript\u00f3fano. Son importantes porque el mecanismo mediante el cual regulan la expresi\u00f3n de sus genes es muy similar a otros operones, digamos que son los mecanismos b\u00e1sicos de regulaci\u00f3n.<\/p>\n\n\n\n<p class=\"wp-block-paragraph\">Has llegado al final de la clase. \u00a1Te felicito por tu importante logro! Te invito a realizar la consigna asignada en esta clase y mandarla como corresponde. No olvides que te espero en la siguiente sesi\u00f3n en la que veremos la regulaci\u00f3n en eucariotas, la cual, a diferencia de los procariotas, resulta m\u00e1s compleja. Adem\u00e1s de que, en eucariotas se tiene la presencia de la cromatina que tiene un papel importante en el proceso de regulaci\u00f3n. Hasta entonces.<\/p>\n\n\n\n<h2 class=\"wp-block-heading\" id=\"fuentes-de-informacion\">Fuentes de informaci\u00f3n<\/h2>\n\n\n\n<ul class=\"wp-block-list\"><li>Salazar M.A.M., Sandoval R.A.S. y Almend\u00e1riz B.J.S. (2016). Biolog\u00eda Molecular. Fundamentos y aplicaciones en las ciencias de la salud. (2a ed.). McGraw Hill<\/li><li>Nelson D.L. and Cox M.M. (2017). Lehninger Principles of Biochemistry. (7a ed.). W. H. Freeman.<\/li><li>Alberts B. et al. (2015). Molecular Biology of the cell. Garland Science.<\/li><\/ul>\n","protected":false},"excerpt":{"rendered":"<p>Introducci\u00f3n \u00a1Hola! Es un privilegio contar con tu asistencia en esta nueva sesi\u00f3n, te aseguro que la vas a disfrutar y aprender\u00e1s mucho, es por ello que te invito a la novena sesi\u00f3n denominada Regulaci\u00f3n de la expresi\u00f3n g\u00e9nica: Regulaci\u00f3n en procariotas de la unidad de aprendizaje Biolog\u00eda Molecular. En esta sesi\u00f3n estudiaremos el proceso &#8230; <a title=\"Clase digital 9. Regulaci\u00f3n de la expresi\u00f3n g\u00e9nica. Regulaci\u00f3n en procariotas\" class=\"read-more\" href=\"https:\/\/blogs.ugto.mx\/rea\/clase-digital-9-regulacion-de-la-expresion-genica-regulacion-en-procariotas\/\" aria-label=\"Leer m\u00e1s sobre Clase digital 9. Regulaci\u00f3n de la expresi\u00f3n g\u00e9nica. Regulaci\u00f3n en procariotas\">Leer m\u00e1s<\/a><\/p>\n","protected":false},"author":142,"featured_media":0,"comment_status":"closed","ping_status":"closed","sticky":false,"template":"","format":"standard","meta":{"_acf_changed":false,"_crdt_document":"","episode_type":"","audio_file":"","podmotor_file_id":"","podmotor_episode_id":"","cover_image":"","cover_image_id":"","duration":"","filesize":"","filesize_raw":"","date_recorded":"","explicit":"","block":"","itunes_episode_number":"","itunes_title":"","itunes_season_number":"","itunes_episode_type":"","footnotes":""},"categories":[15,25],"tags":[43,41,42],"class_list":["post-368","post","type-post","status-publish","format-standard","hentry","category-ingenieria-en-biotecnologia","category-uda-biologia-molecular","tag-angela-maria-chapa-oliver","tag-clase-digital","tag-gn1308"],"acf":[],"jetpack_featured_media_url":"","_links":{"self":[{"href":"https:\/\/blogs.ugto.mx\/rea\/wp-json\/wp\/v2\/posts\/368","targetHints":{"allow":["GET"]}}],"collection":[{"href":"https:\/\/blogs.ugto.mx\/rea\/wp-json\/wp\/v2\/posts"}],"about":[{"href":"https:\/\/blogs.ugto.mx\/rea\/wp-json\/wp\/v2\/types\/post"}],"author":[{"embeddable":true,"href":"https:\/\/blogs.ugto.mx\/rea\/wp-json\/wp\/v2\/users\/142"}],"replies":[{"embeddable":true,"href":"https:\/\/blogs.ugto.mx\/rea\/wp-json\/wp\/v2\/comments?post=368"}],"version-history":[{"count":4,"href":"https:\/\/blogs.ugto.mx\/rea\/wp-json\/wp\/v2\/posts\/368\/revisions"}],"predecessor-version":[{"id":6872,"href":"https:\/\/blogs.ugto.mx\/rea\/wp-json\/wp\/v2\/posts\/368\/revisions\/6872"}],"wp:attachment":[{"href":"https:\/\/blogs.ugto.mx\/rea\/wp-json\/wp\/v2\/media?parent=368"}],"wp:term":[{"taxonomy":"category","embeddable":true,"href":"https:\/\/blogs.ugto.mx\/rea\/wp-json\/wp\/v2\/categories?post=368"},{"taxonomy":"post_tag","embeddable":true,"href":"https:\/\/blogs.ugto.mx\/rea\/wp-json\/wp\/v2\/tags?post=368"}],"curies":[{"name":"wp","href":"https:\/\/api.w.org\/{rel}","templated":true}]}}