{"id":43,"date":"2022-07-04T00:28:57","date_gmt":"2022-07-04T00:28:57","guid":{"rendered":"https:\/\/blogs.ugto.mx\/rea\/?p=43"},"modified":"2025-08-01T18:16:19","modified_gmt":"2025-08-01T18:16:19","slug":"clase-digital-1-el-estudio-de-la-historia-del-arte","status":"publish","type":"post","link":"https:\/\/blogs.ugto.mx\/rea\/clase-digital-1-el-estudio-de-la-historia-del-arte\/","title":{"rendered":"Clase digital 1. El Estudio de la Historia del Arte"},"content":{"rendered":"\n\n\n<div class=\"wp-block-cover\" style=\"min-height:284px;aspect-ratio:unset;\"><img decoding=\"async\" class=\"wp-block-cover__image-background wp-image-15343\" alt=\"red and blue roses in vase\" src=\"data:image\/gif;base64,R0lGODlhAQABAIAAAAAAAP\/\/\/yH5BAEAAAAALAAAAAABAAEAAAIBRAA7\" data-src=\"https:\/\/blogs.ugto.mx\/rea\/wp-content\/uploads\/sites\/71\/2022\/07\/yiffvwdcgu8.jpg\" style=\"object-position:43% 45%\" data-object-fit=\"cover\" data-object-position=\"43% 45%\" \/><noscript><img loading=\"lazy\" decoding=\"async\" width=\"926\" height=\"1200\" class=\"wp-block-cover__image-background wp-image-15343\" alt=\"red and blue roses in vase\" src=\"https:\/\/blogs.ugto.mx\/rea\/wp-content\/uploads\/sites\/71\/2022\/07\/yiffvwdcgu8.jpg\" style=\"object-position:43% 45%\" data-object-fit=\"cover\" data-object-position=\"43% 45%\" srcset=\"https:\/\/blogs.ugto.mx\/rea\/wp-content\/uploads\/sites\/71\/2022\/07\/yiffvwdcgu8.jpg 926w, https:\/\/blogs.ugto.mx\/rea\/wp-content\/uploads\/sites\/71\/2022\/07\/yiffvwdcgu8-232x300.jpg 232w, https:\/\/blogs.ugto.mx\/rea\/wp-content\/uploads\/sites\/71\/2022\/07\/yiffvwdcgu8-790x1024.jpg 790w, https:\/\/blogs.ugto.mx\/rea\/wp-content\/uploads\/sites\/71\/2022\/07\/yiffvwdcgu8-768x995.jpg 768w\" sizes=\"auto, (max-width: 926px) 100vw, 926px\" \/><\/noscript><span aria-hidden=\"true\" class=\"wp-block-cover__background has-background-dim-40 has-background-dim\"><\/span><div class=\"wp-block-cover__inner-container is-layout-flow wp-block-cover-is-layout-flow\">\n<p class=\"has-text-align-center has-base-3-color has-text-color has-large-font-size wp-block-paragraph\">El Estudio de la Historia del Arte<\/p>\n<\/div><\/div>\n\n\n\n<h2 class=\"wp-block-heading\" id=\"introduccion\">Introducci\u00f3n<\/h2>\n\n\n\n<p class=\"wp-block-paragraph\">\u00a1Hola!&nbsp;<\/p>\n\n\n\n<p class=\"wp-block-paragraph\">Es un gusto y un privilegio por parte de la UG darte la bienvenida a la clase de historia del arte y del dise\u00f1o I. Esperamos que disfrutes y sobre todo aprendas mucho de este curso preparado para ti.&nbsp;<\/p>\n\n\n\n<p class=\"wp-block-paragraph\">En este curso estudiaremos el desarrollo que ha tenido el arte desde los inicios de la prehistoria, hace 2 millones de a\u00f1os, hasta el Art Nouveau, cuya \u00faltima etapa est\u00e1 situada a principios del siglo XX, pasando por algunas de las manifestaciones art\u00edsticas de las m\u00e1s importantes civilizaciones, como el Antiguo Egipto, el Renacimiento o el Impresionismo. Para hacer este recorrido, en esta primera sesi\u00f3n, comenzaremos por revisar cu\u00e1l es el objeto de estudio de la historia del arte y c\u00f3mo puede definirse la historia del arte. Tambi\u00e9n estudiaremos que la forma en que se ha contado la historia del arte ha tenido dos etapas, una primera antes del siglo XIX, caracterizada por la presencia de las biograf\u00edas y las teor\u00edas est\u00e9ticas; y una segunda, desde mediados del siglo XVIII, en la que el espacio y el tiempo cobraron relevancia.<\/p>\n\n\n\n<p class=\"wp-block-paragraph\">Analizaremos los hechos hist\u00f3ricos como un concepto fundamental para la historia, estudiaremos c\u00f3mo se define y los siguientes elementos que lo integran: los tiempos hist\u00f3ricos y su clasificaci\u00f3n en cronol\u00f3gico e hist\u00f3rico; el espacio hist\u00f3rico y las interpretaciones hechas por otras disciplinas como la geograf\u00eda; y el sujeto hist\u00f3rico, que ha hecho y recibido los acontecimientos.<\/p>\n\n\n\n<p class=\"wp-block-paragraph\">Sin m\u00e1s pre\u00e1mbulos, te deseamos el mayor de los \u00e9xitos en esta primera sesi\u00f3n.&nbsp;<\/p>\n\n\n\n<p class=\"wp-block-paragraph\">\u00a1Comencemos!<\/p>\n\n\n\n<h2 class=\"wp-block-heading\" id=\"desarrollo-del-tema\">Desarrollo del tema <\/h2>\n\n\n\n<p class=\"wp-block-paragraph\">El objeto de estudio de la historia del arte es la producci\u00f3n art\u00edstica que a lo largo del tiempo ha desarrollado la humanidad, la cual, entre otros rasgos, es de naturaleza social y transmite mensajes usando un lenguaje. La historia del arte es una ciencia human\u00edstica porque analiza las creaciones humanas, tanto culturales como est\u00e9ticas y tambi\u00e9n es una ciencia interdisciplinar porque se apoya en las contribuciones de otras \u00e1reas del conocimiento como son ling\u00fc\u00edstica o la est\u00e9tica para explicar las obras de arte, entendidas como un documento hist\u00f3rico.<\/p>\n\n\n\n<p class=\"wp-block-paragraph\">Historia del arte, expone Fern\u00e1ndez (1982), es \u201cun sistema de conocimiento ordenado de c\u00f3mo en cada lugar y cada momento ciertas formas que llamamos arte han sido producidas (reconocidas o no) por sus coet\u00e1neos y conservadas (o destruidas) como documentos de una cultura.\u201d Ese sistema organizado, desde el punto de vista de la historia por historiadores. As\u00ed, es posible comprender que existe un v\u00ednculo importante entre ellos y la producci\u00f3n art\u00edstica, y por qu\u00e9 ciertas obras de arte han sido consideradas como relevantes o intrascendentes.<\/p>\n\n\n\n<p class=\"wp-block-paragraph\">La historia del arte puede dividirse, de acuerdo con la manera en que se ha relatado, en dos etapas. La primera corresponde al momento anterior al siglo XIX y se caracteriz\u00f3 por la existencia de dos procedimientos: las biograf\u00edas, favorecidas desde el Renacimiento y con tendencia a ser subjetivas; y las teor\u00edas est\u00e9ticas (que estudian la belleza), que proporcionan informaci\u00f3n sobre el gusto imperante en determinada \u00e9poca. Desde el siglo XX se valor\u00f3 que la historia del arte ayuda a obtener informaci\u00f3n como la clase social de los artistas o el contexto ideol\u00f3gico en el que viv\u00edan.<\/p>\n\n\n<div class=\"wp-block-image\">\n<figure class=\"aligncenter size-large is-resized\"><img decoding=\"async\" src=\"data:image\/gif;base64,R0lGODlhAQABAIAAAAAAAP\/\/\/yH5BAEAAAAALAAAAAABAAEAAAIBRAA7\" data-src=\"https:\/\/blogs.ugto.mx\/rea\/wp-content\/uploads\/sites\/71\/2022\/07\/63186-1024x656.jpg\" alt=\"\" class=\"wp-image-15344\" style=\"width:640px;height:460px\" \/><noscript><img loading=\"lazy\" decoding=\"async\" width=\"1024\" height=\"656\" src=\"https:\/\/blogs.ugto.mx\/rea\/wp-content\/uploads\/sites\/71\/2022\/07\/63186-1024x656.jpg\" alt=\"\" class=\"wp-image-15344\" style=\"width:640px;height:460px\" srcset=\"https:\/\/blogs.ugto.mx\/rea\/wp-content\/uploads\/sites\/71\/2022\/07\/63186-1024x656.jpg 1024w, https:\/\/blogs.ugto.mx\/rea\/wp-content\/uploads\/sites\/71\/2022\/07\/63186-300x192.jpg 300w, https:\/\/blogs.ugto.mx\/rea\/wp-content\/uploads\/sites\/71\/2022\/07\/63186-768x492.jpg 768w, https:\/\/blogs.ugto.mx\/rea\/wp-content\/uploads\/sites\/71\/2022\/07\/63186.jpg 1280w\" sizes=\"auto, (max-width: 1024px) 100vw, 1024px\" \/><\/noscript><figcaption class=\"wp-element-caption\"><strong>Imagen 1.<\/strong> El&nbsp;renacimiento&nbsp;fue un movimiento cultural y art\u00edstico europeo basado en el <em>renacer<\/em> de los valores de la Antig\u00fcedad cl\u00e1sica.<\/figcaption><\/figure>\n<\/div>\n\n\n<p class=\"wp-block-paragraph\">La segunda etapa en que se ha dividido la historia del arte de acuerdo con la manera en que se ha contado, abarca desde mediados del siglo XVII hasta el siglo XX. En ella se estableci\u00f3 el lugar y tiempo, y como rasgo empez\u00f3 a apreciarse el arte producido fuera de Europa. Adem\u00e1s, se instituyeron las primeras metodolog\u00edas de la historia del arte, entre ellas el formalismo, interesado en explicar la forma de las obras de arte; y la iconolog\u00eda e iconograf\u00eda, que estudia el contenido de las obras de arte para encontrar su significado a partir de los s\u00edmbolos presentados en una imagen.<\/p>\n\n\n\n<p class=\"wp-block-paragraph\">Los hechos hist\u00f3ricos, entendidos como la interpretaci\u00f3n de un suceso humano hecha por historiadores, est\u00e1n ubicados en un tiempo y un espacio. En historia, el tiempo est\u00e1 integrado por dos tipos: el cronol\u00f3gico y el hist\u00f3rico. El primero es la medici\u00f3n del paso del tiempo como una secuencia de instantes. El segundo implica conceptos como la periodizaci\u00f3n, es decir, la manera de delimitar temas que est\u00e1n analiz\u00e1ndose en un momento espec\u00edfico; las relaciones temporales, que incluyen, por ejemplo, los v\u00ednculos que pueden crearse entre varios fen\u00f3menos hist\u00f3ricos; y la duraci\u00f3n, que permite determinar el impacto de dichos fen\u00f3menos.&nbsp;<\/p>\n\n\n\n<div class=\"wp-block-columns has-base-2-background-color has-background is-layout-flex wp-container-core-columns-is-layout-8f761849 wp-block-columns-is-layout-flex\">\n<div class=\"wp-block-column is-layout-flow wp-block-column-is-layout-flow\">\n<figure class=\"wp-block-image size-large is-style-default\"><img decoding=\"async\" src=\"data:image\/gif;base64,R0lGODlhAQABAIAAAAAAAP\/\/\/yH5BAEAAAAALAAAAAABAAEAAAIBRAA7\" data-src=\"https:\/\/blogs.ugto.mx\/rea\/wp-content\/uploads\/sites\/71\/2022\/07\/bxoxnq26b7o-edited-1024x577.jpg\" alt=\"selective focus photo of brown and blue hourglass on stones\" class=\"wp-image-15560\" \/><noscript><img loading=\"lazy\" decoding=\"async\" width=\"1024\" height=\"577\" src=\"https:\/\/blogs.ugto.mx\/rea\/wp-content\/uploads\/sites\/71\/2022\/07\/bxoxnq26b7o-edited-1024x577.jpg\" alt=\"selective focus photo of brown and blue hourglass on stones\" class=\"wp-image-15560\" srcset=\"https:\/\/blogs.ugto.mx\/rea\/wp-content\/uploads\/sites\/71\/2022\/07\/bxoxnq26b7o-edited-1024x577.jpg 1024w, https:\/\/blogs.ugto.mx\/rea\/wp-content\/uploads\/sites\/71\/2022\/07\/bxoxnq26b7o-edited-300x169.jpg 300w, https:\/\/blogs.ugto.mx\/rea\/wp-content\/uploads\/sites\/71\/2022\/07\/bxoxnq26b7o-edited-768x433.jpg 768w, https:\/\/blogs.ugto.mx\/rea\/wp-content\/uploads\/sites\/71\/2022\/07\/bxoxnq26b7o-edited-1536x866.jpg 1536w, https:\/\/blogs.ugto.mx\/rea\/wp-content\/uploads\/sites\/71\/2022\/07\/bxoxnq26b7o-edited.jpg 1599w\" sizes=\"auto, (max-width: 1024px) 100vw, 1024px\" \/><\/noscript><\/figure>\n<\/div>\n\n\n\n<div class=\"wp-block-column is-vertically-aligned-center is-layout-flow wp-block-column-is-layout-flow\">\n<h5 class=\"wp-block-heading\">Cronol\u00f3gico<\/h5>\n\n\n\n<p class=\"wp-block-paragraph\">Es la medici\u00f3n del paso del tiempo como una secuencia de instantes.<\/p>\n<\/div>\n<\/div>\n\n\n\n<div class=\"wp-block-columns has-base-2-background-color has-background is-layout-flex wp-container-core-columns-is-layout-8f761849 wp-block-columns-is-layout-flex\">\n<div class=\"wp-block-column is-vertically-aligned-center is-layout-flow wp-block-column-is-layout-flow\">\n<h5 class=\"wp-block-heading\">Hist\u00f3rico<\/h5>\n\n\n\n<p class=\"wp-block-paragraph\">Implica conceptos como la periodizaci\u00f3n, es decir, la manera de delimitar temas que est\u00e1n analiz\u00e1ndose en un momento espec\u00edfico; las relaciones temporales, que incluyen, por ejemplo, los v\u00ednculos que pueden crearse entre varios fen\u00f3menos hist\u00f3ricos; y la duraci\u00f3n, que permite determinar el impacto de dichos fen\u00f3menos.&nbsp;<\/p>\n<\/div>\n\n\n\n<div class=\"wp-block-column is-layout-flow wp-block-column-is-layout-flow\">\n<figure class=\"wp-block-image size-large is-style-default\"><img decoding=\"async\" src=\"data:image\/gif;base64,R0lGODlhAQABAIAAAAAAAP\/\/\/yH5BAEAAAAALAAAAAABAAEAAAIBRAA7\" data-src=\"https:\/\/blogs.ugto.mx\/rea\/wp-content\/uploads\/sites\/71\/2022\/07\/936621-edited-1-1024x576.jpg\" alt=\"\" class=\"wp-image-15559\" \/><noscript><img loading=\"lazy\" decoding=\"async\" width=\"1024\" height=\"576\" src=\"https:\/\/blogs.ugto.mx\/rea\/wp-content\/uploads\/sites\/71\/2022\/07\/936621-edited-1-1024x576.jpg\" alt=\"\" class=\"wp-image-15559\" srcset=\"https:\/\/blogs.ugto.mx\/rea\/wp-content\/uploads\/sites\/71\/2022\/07\/936621-edited-1-1024x576.jpg 1024w, https:\/\/blogs.ugto.mx\/rea\/wp-content\/uploads\/sites\/71\/2022\/07\/936621-edited-1-300x169.jpg 300w, https:\/\/blogs.ugto.mx\/rea\/wp-content\/uploads\/sites\/71\/2022\/07\/936621-edited-1-768x432.jpg 768w, https:\/\/blogs.ugto.mx\/rea\/wp-content\/uploads\/sites\/71\/2022\/07\/936621-edited-1.jpg 1279w\" sizes=\"auto, (max-width: 1024px) 100vw, 1024px\" \/><\/noscript><\/figure>\n<\/div>\n<\/div>\n\n\n\n<p class=\"wp-block-paragraph\">El espacio hist\u00f3rico nos permite situar los hechos hist\u00f3ricos de acuerdo con las interpretaciones de la geograf\u00eda, la cartograf\u00eda y el espacio pol\u00edtico. La geograf\u00eda estudia la manera en que el medio ambiente influye sobre la forma en que los seres humanos usan los recursos naturales para sobrevivir. La cartograf\u00eda representa el espacio para comprenderlo mejor por medio de mapas, croquis, entre otros. El espacio pol\u00edtico, que se relaciona con las ideas pol\u00edticas de cada momento hist\u00f3rico.<\/p>\n\n\n<div class=\"wp-block-image\">\n<figure class=\"aligncenter size-large is-resized\"><img decoding=\"async\" src=\"data:image\/gif;base64,R0lGODlhAQABAIAAAAAAAP\/\/\/yH5BAEAAAAALAAAAAABAAEAAAIBRAA7\" data-src=\"https:\/\/blogs.ugto.mx\/rea\/wp-content\/uploads\/sites\/71\/2022\/07\/z8ugb80_46w-1024x682.jpg\" alt=\"person holding red round medication pill\" class=\"wp-image-15350\" style=\"width:640px;height:441px\" \/><noscript><img loading=\"lazy\" decoding=\"async\" width=\"1024\" height=\"682\" src=\"https:\/\/blogs.ugto.mx\/rea\/wp-content\/uploads\/sites\/71\/2022\/07\/z8ugb80_46w-1024x682.jpg\" alt=\"person holding red round medication pill\" class=\"wp-image-15350\" style=\"width:640px;height:441px\" srcset=\"https:\/\/blogs.ugto.mx\/rea\/wp-content\/uploads\/sites\/71\/2022\/07\/z8ugb80_46w-1024x682.jpg 1024w, https:\/\/blogs.ugto.mx\/rea\/wp-content\/uploads\/sites\/71\/2022\/07\/z8ugb80_46w-300x200.jpg 300w, https:\/\/blogs.ugto.mx\/rea\/wp-content\/uploads\/sites\/71\/2022\/07\/z8ugb80_46w-768x512.jpg 768w, https:\/\/blogs.ugto.mx\/rea\/wp-content\/uploads\/sites\/71\/2022\/07\/z8ugb80_46w-1536x1023.jpg 1536w, https:\/\/blogs.ugto.mx\/rea\/wp-content\/uploads\/sites\/71\/2022\/07\/z8ugb80_46w-272x182.jpg 272w, https:\/\/blogs.ugto.mx\/rea\/wp-content\/uploads\/sites\/71\/2022\/07\/z8ugb80_46w.jpg 1600w\" sizes=\"auto, (max-width: 1024px) 100vw, 1024px\" \/><\/noscript><figcaption class=\"wp-element-caption\"><strong>Imagen 2<\/strong>. La geograf\u00eda estudia la manera en que el medio ambiente influye sobre la forma en que los seres humanos usan los recursos naturales para sobrevivir.<\/figcaption><\/figure>\n<\/div>\n\n\n<p class=\"wp-block-paragraph\">Un tercer elemento del hecho hist\u00f3rico es el sujeto hist\u00f3rico y es muy importante porque el ser humano es quien ha hecho y quien ha recibido todos los acontecimientos hist\u00f3ricos. La consideraci\u00f3n de qui\u00e9n ha hecho la historia depende del punto de vista del historiador. Seg\u00fan el positivismo, la historia la han hecho personajes importantes como reyes o personajes inferiores con cualidades excepcionales; mientras que, seg\u00fan el materialismo hist\u00f3rico, los protagonistas son grupos de personas que hacen historia con su vida diaria, incluyendo incluso organizaciones como la Iglesia. <\/p>\n\n\n\n<p class=\"wp-block-paragraph\">Por otra parte, todos somos receptores de la historia porque todo lo que ocurre nos afecta, tanto por ser herederos del pasado, por ejemplo, de costumbres; como por ser parte de una comunidad en el presente que tiene ciertos rasgos como una estructura econ\u00f3mica.<\/p>\n\n\n\n<p class=\"wp-block-paragraph\">Para completar tu aprendizaje te invito a ver los siguientes videos acerca del tema:<\/p>\n\n\n\n<h5 class=\"wp-block-heading\">1. \u00bfQu\u00e9 es la histograf\u00eda? <\/h5>\n\n\n\n<figure class=\"wp-block-embed is-type-video is-provider-youtube wp-block-embed-youtube wp-embed-aspect-16-9 wp-has-aspect-ratio\"><div class=\"wp-block-embed__wrapper\">\n<iframe loading=\"lazy\" title=\"Que es la historiograf\u00eda\" width=\"1200\" height=\"675\" src=\"https:\/\/www.youtube.com\/embed\/om7sXHZp4eQ?feature=oembed\" frameborder=\"0\" allow=\"accelerometer; autoplay; clipboard-write; encrypted-media; gyroscope; picture-in-picture\" allowfullscreen><\/iframe>\n<\/div><\/figure>\n\n\n\n<h5 class=\"wp-block-heading\">2. Introducci\u00f3n a la historia del arte<\/h5>\n\n\n\n<figure class=\"wp-block-embed is-type-video is-provider-youtube wp-block-embed-youtube wp-embed-aspect-16-9 wp-has-aspect-ratio\"><div class=\"wp-block-embed__wrapper\">\n<iframe loading=\"lazy\" title=\"Introducci\u00f3n a la Historia del Arte | Educatina\" width=\"1200\" height=\"675\" src=\"https:\/\/www.youtube.com\/embed\/-A3xSwoQpKo?feature=oembed\" frameborder=\"0\" allow=\"accelerometer; autoplay; clipboard-write; encrypted-media; gyroscope; picture-in-picture\" allowfullscreen><\/iframe>\n<\/div><\/figure>\n\n\n\n<p class=\"wp-block-paragraph\">A continuaci\u00f3n, te invito a revisar el siguiente recurso digital dando clic en el siguiente enlace:<\/p>\n\n\n\n<div class=\"wp-block-buttons alignwide is-content-justification-center is-layout-flex wp-container-core-buttons-is-layout-fe48e5de wp-block-buttons-is-layout-flex\">\n<div class=\"wp-block-button is-style-fill\"><a class=\"wp-block-button__link has-background wp-element-button\" href=\"https:\/\/e1.portalacademico.cch.unam.mx\/alumno\/historiauniversal1\/unidad1\/categoriasConceptos\/sujetoHistorico\" style=\"background:linear-gradient(135deg,rgb(55,202,236) 0%,rgb(173,217,216) 94%)\" target=\"_blank\" rel=\"noreferrer noopener\">Historia Universal 1<\/a><\/div>\n<\/div>\n\n\n\n<p class=\"wp-block-paragraph\">De acuerdo con el tema revisado, te invitamos a reflexionar en torno a la pregunta \u00bfqu\u00e9 tan relevante es el sujeto hist\u00f3rico como elemento del hecho hist\u00f3rico?<\/p>\n\n\n\n<h2 class=\"wp-block-heading\" id=\"conclusion\">Conclusi\u00f3n <\/h2>\n\n\n\n<p class=\"wp-block-paragraph\">Para concluir, revisemos algunas nociones m\u00e1s importantes sobre historia e historia del arte de esta sesi\u00f3n.<\/p>\n\n\n\n<p class=\"wp-block-paragraph\">Pudimos distinguir el objeto de estudio de la historia del arte como la producci\u00f3n art\u00edstica a lo largo del tiempo. Tambi\u00e9n estudiamos a la historia del arte como un sistema ordenado de formas ubicadas en tiempo y espacio hechas por sus contempor\u00e1neos.<\/p>\n\n\n\n<p class=\"wp-block-paragraph\">Comprendimos que, de acuerdo con la manera en que ha sido relatada, la historia del arte tuvo una primera etapa antes del siglo XIX en la que las biograf\u00edas y las teor\u00edas que estudian la belleza fueron preferidas. Despu\u00e9s tuvo una segunda etapa, posterior a mediados del siglo XVII en la que tiempo y espacio adquieren mayor importancia y en la que se establecieron las primeras metodolog\u00edas de la historia del arte, como la iconolog\u00eda.<\/p>\n\n\n\n<p class=\"wp-block-paragraph\">Por otra parte, analizamos al hecho hist\u00f3rico como la interpretaci\u00f3n de un suceso humano realizado por historiadores y destacamos los elementos que lo integran: el tiempo, cronol\u00f3gico (medible) e hist\u00f3rico (que delimita temas que se estudian en un momento particular); el espacio (para ubicar los hechos hist\u00f3ricos en un sitio); y los sujetos hist\u00f3ricos, como generadores y receptores de los sucesos.<\/p>\n\n\n\n<p class=\"wp-block-paragraph\">\u00a1Felicidades por haber completado esta primera sesi\u00f3n de Historia del arte y del dise\u00f1o! \u00a1Sigue adelante! No olvides realizar la consigna de esta clase. Si disfrutaste este primer acercamiento con el concepto de historia y sus elementos, as\u00ed como haber aprendido c\u00f3mo se define la historia del arte y su objeto de estudio, la siguiente sesi\u00f3n te encantar\u00e1. En ella aprender\u00e1s sobre el arte en la prehistoria, en Mesopotamia, Egipto y Grecia. \u00a1No te la pierdas!<\/p>\n\n\n\n<h2 class=\"wp-block-heading\" id=\"fuentes-de-informacion\">Fuentes de informaci\u00f3n <\/h2>\n\n\n\n<ul class=\"wp-block-list\">\n<li>Figueroba, A., y Fern\u00e1ndez, M.T. (1996). Historia del Arte. Madrid: Mc Graw Hill.<\/li>\n\n\n\n<li>Fern\u00e1ndez Arenas, J. (1982). Teor\u00eda y metodolog\u00eda de la historia del arte. Barcelona: Anthropos.<\/li>\n\n\n\n<li>https:\/\/portalacademico.cch.unam.mx\/alumno\/historiauniversal1\/unidad1\/categoriasConceptos.<\/li>\n<\/ul>\n\n\n\n<p class=\"wp-block-paragraph\"><\/p>\n","protected":false},"excerpt":{"rendered":"<p>Introducci\u00f3n \u00a1Hola!&nbsp; Es un gusto y un privilegio por parte de la UG darte la bienvenida a la clase de historia del arte y del dise\u00f1o I. Esperamos que disfrutes y sobre todo aprendas mucho de este curso preparado para ti.&nbsp; En este curso estudiaremos el desarrollo que ha tenido el arte desde los inicios &#8230; <a title=\"Clase digital 1. El Estudio de la Historia del Arte\" class=\"read-more\" href=\"https:\/\/blogs.ugto.mx\/rea\/clase-digital-1-el-estudio-de-la-historia-del-arte\/\" aria-label=\"Leer m\u00e1s sobre Clase digital 1. El Estudio de la Historia del Arte\">Leer m\u00e1s<\/a><\/p>\n","protected":false},"author":142,"featured_media":0,"comment_status":"closed","ping_status":"closed","sticky":false,"template":"","format":"standard","meta":{"_acf_changed":false,"_crdt_document":"","episode_type":"","audio_file":"","podmotor_file_id":"","podmotor_episode_id":"","cover_image":"","cover_image_id":"","duration":"","filesize":"","filesize_raw":"","date_recorded":"","explicit":"","block":"","itunes_episode_number":"","itunes_title":"","itunes_season_number":"","itunes_episode_type":"","footnotes":""},"categories":[288,293,432],"tags":[41,80,79],"class_list":["post-43","post","type-post","status-publish","format-standard","hentry","category-plan-2020","category-quinto-semestre","category-uda-historia-del-arte-y-del-diseno-i","tag-clase-digital","tag-juan-manuel-sierra-hernandez","tag-neli06005"],"acf":[],"jetpack_featured_media_url":"","_links":{"self":[{"href":"https:\/\/blogs.ugto.mx\/rea\/wp-json\/wp\/v2\/posts\/43","targetHints":{"allow":["GET"]}}],"collection":[{"href":"https:\/\/blogs.ugto.mx\/rea\/wp-json\/wp\/v2\/posts"}],"about":[{"href":"https:\/\/blogs.ugto.mx\/rea\/wp-json\/wp\/v2\/types\/post"}],"author":[{"embeddable":true,"href":"https:\/\/blogs.ugto.mx\/rea\/wp-json\/wp\/v2\/users\/142"}],"replies":[{"embeddable":true,"href":"https:\/\/blogs.ugto.mx\/rea\/wp-json\/wp\/v2\/comments?post=43"}],"version-history":[{"count":13,"href":"https:\/\/blogs.ugto.mx\/rea\/wp-json\/wp\/v2\/posts\/43\/revisions"}],"predecessor-version":[{"id":35913,"href":"https:\/\/blogs.ugto.mx\/rea\/wp-json\/wp\/v2\/posts\/43\/revisions\/35913"}],"wp:attachment":[{"href":"https:\/\/blogs.ugto.mx\/rea\/wp-json\/wp\/v2\/media?parent=43"}],"wp:term":[{"taxonomy":"category","embeddable":true,"href":"https:\/\/blogs.ugto.mx\/rea\/wp-json\/wp\/v2\/categories?post=43"},{"taxonomy":"post_tag","embeddable":true,"href":"https:\/\/blogs.ugto.mx\/rea\/wp-json\/wp\/v2\/tags?post=43"}],"curies":[{"name":"wp","href":"https:\/\/api.w.org\/{rel}","templated":true}]}}