{"id":6644,"date":"2022-02-08T21:45:28","date_gmt":"2022-02-08T21:45:28","guid":{"rendered":"https:\/\/blogs.ugto.mx\/rea\/?p=6644"},"modified":"2022-02-08T23:19:23","modified_gmt":"2022-02-08T23:19:23","slug":"guia-didactica-de-administracion","status":"publish","type":"post","link":"https:\/\/blogs.ugto.mx\/rea\/guia-didactica-de-administracion\/","title":{"rendered":"Gu\u00eda did\u00e1ctica de Administraci\u00f3n"},"content":{"rendered":"\n\n\n<div class=\"wp-block-cover\" style=\"min-height:284px;aspect-ratio:unset;\"><span aria-hidden=\"true\" class=\"has-contrast-background-color has-background-dim-40 wp-block-cover__gradient-background has-background-dim\"><\/span><img decoding=\"async\" class=\"wp-block-cover__image-background wp-image-6648\" alt=\"sticky notes on paper document beside pens and box\" src=\"data:image\/gif;base64,R0lGODlhAQABAIAAAAAAAP\/\/\/yH5BAEAAAAALAAAAAABAAEAAAIBRAA7\" data-src=\"https:\/\/blogs.ugto.mx\/rea\/wp-content\/uploads\/sites\/71\/2022\/02\/2zdxqgtzefe.jpg\" style=\"object-position:74% 40%\" data-object-fit=\"cover\" data-object-position=\"74% 40%\" \/><noscript><img loading=\"lazy\" decoding=\"async\" width=\"1600\" height=\"1064\" class=\"wp-block-cover__image-background wp-image-6648\" alt=\"sticky notes on paper document beside pens and box\" src=\"https:\/\/blogs.ugto.mx\/rea\/wp-content\/uploads\/sites\/71\/2022\/02\/2zdxqgtzefe.jpg\" style=\"object-position:74% 40%\" data-object-fit=\"cover\" data-object-position=\"74% 40%\" srcset=\"https:\/\/blogs.ugto.mx\/rea\/wp-content\/uploads\/sites\/71\/2022\/02\/2zdxqgtzefe.jpg 1600w, https:\/\/blogs.ugto.mx\/rea\/wp-content\/uploads\/sites\/71\/2022\/02\/2zdxqgtzefe-300x200.jpg 300w, https:\/\/blogs.ugto.mx\/rea\/wp-content\/uploads\/sites\/71\/2022\/02\/2zdxqgtzefe-1024x681.jpg 1024w, https:\/\/blogs.ugto.mx\/rea\/wp-content\/uploads\/sites\/71\/2022\/02\/2zdxqgtzefe-768x511.jpg 768w, https:\/\/blogs.ugto.mx\/rea\/wp-content\/uploads\/sites\/71\/2022\/02\/2zdxqgtzefe-1536x1021.jpg 1536w, https:\/\/blogs.ugto.mx\/rea\/wp-content\/uploads\/sites\/71\/2022\/02\/2zdxqgtzefe-272x182.jpg 272w\" sizes=\"auto, (max-width: 1600px) 100vw, 1600px\" \/><\/noscript><div class=\"wp-block-cover__inner-container is-layout-flow wp-block-cover-is-layout-flow\">\n<p class=\"has-text-align-center has-base-3-color has-text-color has-large-font-size wp-block-paragraph\">Curso Administraci\u00f3n<\/p>\n<\/div><\/div>\n\n\n\n<h2 class=\"wp-block-heading\" id=\"fundamentacion\">Fundamentaci\u00f3n <\/h2>\n\n\n\n<p class=\"wp-block-paragraph\">La administraci\u00f3n es una disciplina de car\u00e1cter fundamental cuyo conocimiento no se limita a entornos econ\u00f3mico-administrativos, sino que trasciende incluso a nuestra vida cotidiana. No obstante, para quienes laboramos dentro de campos espec\u00edficos de esta \u00e1rea del saber, es necesario ahondar en distintos puntos que volver\u00e1n nuestra pr\u00e1ctica laboral mucho m\u00e1s eficiente y que abone de manera positiva a la organizaci\u00f3n a la que pertenecemos.&nbsp;<\/p>\n\n\n\n<p class=\"wp-block-paragraph\">El curso <strong>Administraci\u00f3n<\/strong> responde a la necesidad de brindar un panorama amplio que profundiza no solo en las bases conceptuales de <em>administraci\u00f3n<\/em> u <em>organizaci\u00f3n<\/em>, sino que despliega las relaciones que ocurren cuando una organizaci\u00f3n se inserta en determinado contexto. Al mismo tiempo, se exploran los factores pol\u00edticos, legales, ecol\u00f3gicos, tecnol\u00f3gicos, sociodemogr\u00e1ficos y econ\u00f3micos que afectan a una empresa como organizaci\u00f3n y, por supuesto, el proceso administrativo que ocurre en su interior.&nbsp;<\/p>\n\n\n\n<p class=\"wp-block-paragraph\">Finalmente, este trayecto formativo revisa aspectos a prop\u00f3sito de la cultura organizacional; el liderazgo y la toma de decisiones gerenciales; la planeaci\u00f3n del proceso administrativo y las acciones estrat\u00e9gicas en el manejo de capital humano.&nbsp;<\/p>\n\n\n\n<h2 class=\"wp-block-heading\" id=\"competencia-general\">Competencia general<\/h2>\n\n\n\n<p class=\"wp-block-paragraph\">Conoce, analiza y aplica los principios de la administraci\u00f3n para mejorar el desempe\u00f1o de su \u00e1rea de trabajo dentro de una organizaci\u00f3n.&nbsp;<\/p>\n\n\n\n<h2 class=\"wp-block-heading\" id=\"contenidos-tematicos\">Contenidos tem\u00e1ticos<\/h2>\n\n\n\n<ol class=\"wp-block-list\"><li>Nuevo contexto organizacional<\/li><li>La cultura organizacional y el ambiente<\/li><li>Liderazgo y toma de decisiones<\/li><li>Planeaci\u00f3n<\/li><li>Organizaci\u00f3n<\/li><li>Administraci\u00f3n estrat\u00e9gica de recursos humanos<\/li><\/ol>\n\n\n\n<h2 class=\"wp-block-heading\" id=\"metodologia-de-trabajo\">Metodolog\u00eda de trabajo<\/h2>\n\n\n\n<p class=\"wp-block-paragraph\">Para el trabajo a distancia mediante la plataforma de educaci\u00f3n se deber\u00e1 considerar lo siguiente:<\/p>\n\n\n\n<ul class=\"wp-block-list\"><li>Materiales: se encontrar\u00e1n en el ambiente digital de aprendizaje referencia a lecturas, videos y otros recursos did\u00e1cticos complementarios.<\/li><li>Interacci\u00f3n en plataforma: se podr\u00e1n utilizar herramientas de comunicaci\u00f3n como foros para el an\u00e1lisis de las tem\u00e1ticas planteadas.<\/li><li>Actividades: se establecer\u00e1n consignas en cada clase que servir\u00e1n como evidencia de los aprendizajes del estudiante.<\/li><li>Seguimiento del participante: el seguimiento ser\u00e1 constante, con el objetivo de acompa\u00f1ar y sostener el aprendizaje.<\/li><\/ul>\n\n\n\n<h2 class=\"wp-block-heading\" id=\"criterios-de-evaluacion\">Criterios de evaluaci\u00f3n<\/h2>\n\n\n\n<p class=\"wp-block-paragraph\">Los criterios de evaluaci\u00f3n son los siguientes:<\/p>\n\n\n\n<ul class=\"wp-block-list\"><li>Claridad en la expresi\u00f3n evitando malentendidos.<\/li><li>Se observar\u00e1 el nivel de pertinencia del participante, as\u00ed como sus posibilidades para aportar conceptos, dudas y comentarios.<\/li><li>Se prestar\u00e1 especial inter\u00e9s al nivel de disposici\u00f3n a la tarea y compromiso con el aprendizaje.<\/li><li>La evaluaci\u00f3n mantendr\u00e1 un enfoque hol\u00edstico que involucre lo cuantitativo y cualitativo.<\/li><li>El 100% de la calificaci\u00f3n se basar\u00e1 en el desempe\u00f1o, entregables y pruebas de conocimiento.<\/li><\/ul>\n\n\n\n<p class=\"wp-block-paragraph\">Para aprobar es necesario cumplir en tiempo y forma los siguientes requisitos durante el desarrollo de la unidad de aprendizaje:<\/p>\n\n\n\n<ul class=\"wp-block-list\"><li>Lectura reflexiva de los materiales.<\/li><li>Participaci\u00f3n pertinente en las actividades que as\u00ed lo especifiquen.<\/li><li>Resoluci\u00f3n de las pruebas te\u00f3ricas que apliquen.<\/li><\/ul>\n\n\n\n<h2 class=\"wp-block-heading\" id=\"creditos\">Cr\u00e9ditos <\/h2>\n\n\n\n<figure class=\"wp-block-table\"><table class=\"has-fixed-layout\"><thead><tr><th class=\"has-text-align-center\" data-align=\"center\"> DESARROLLO Y PRODUCCI\u00d3N <\/th><\/tr><\/thead><tbody><tr><td class=\"has-text-align-center\" data-align=\"center\">SUME <br>(Sistema Universitario de Multimodalidad Educativa)<\/td><\/tr><\/tbody><\/table><\/figure>\n","protected":false},"excerpt":{"rendered":"<p>Fundamentaci\u00f3n La administraci\u00f3n es una disciplina de car\u00e1cter fundamental cuyo conocimiento no se limita a entornos econ\u00f3mico-administrativos, sino que trasciende incluso a nuestra vida cotidiana. No obstante, para quienes laboramos dentro de campos espec\u00edficos de esta \u00e1rea del saber, es necesario ahondar en distintos puntos que volver\u00e1n nuestra pr\u00e1ctica laboral mucho m\u00e1s eficiente y que &#8230; <a title=\"Gu\u00eda did\u00e1ctica de Administraci\u00f3n\" class=\"read-more\" href=\"https:\/\/blogs.ugto.mx\/rea\/guia-didactica-de-administracion\/\" aria-label=\"Leer m\u00e1s sobre Gu\u00eda did\u00e1ctica de Administraci\u00f3n\">Leer m\u00e1s<\/a><\/p>\n","protected":false},"author":142,"featured_media":0,"comment_status":"closed","ping_status":"closed","sticky":false,"template":"","format":"standard","meta":{"_acf_changed":false,"_crdt_document":"","episode_type":"","audio_file":"","podmotor_file_id":"","podmotor_episode_id":"","cover_image":"","cover_image_id":"","duration":"","filesize":"","filesize_raw":"","date_recorded":"","explicit":"","block":"","itunes_episode_number":"","itunes_title":"","itunes_season_number":"","itunes_episode_type":"","footnotes":""},"categories":[180],"tags":[39],"class_list":["post-6644","post","type-post","status-publish","format-standard","hentry","category-cideap","tag-guia-didactica"],"acf":[],"jetpack_featured_media_url":"","_links":{"self":[{"href":"https:\/\/blogs.ugto.mx\/rea\/wp-json\/wp\/v2\/posts\/6644","targetHints":{"allow":["GET"]}}],"collection":[{"href":"https:\/\/blogs.ugto.mx\/rea\/wp-json\/wp\/v2\/posts"}],"about":[{"href":"https:\/\/blogs.ugto.mx\/rea\/wp-json\/wp\/v2\/types\/post"}],"author":[{"embeddable":true,"href":"https:\/\/blogs.ugto.mx\/rea\/wp-json\/wp\/v2\/users\/142"}],"replies":[{"embeddable":true,"href":"https:\/\/blogs.ugto.mx\/rea\/wp-json\/wp\/v2\/comments?post=6644"}],"version-history":[{"count":10,"href":"https:\/\/blogs.ugto.mx\/rea\/wp-json\/wp\/v2\/posts\/6644\/revisions"}],"predecessor-version":[{"id":7362,"href":"https:\/\/blogs.ugto.mx\/rea\/wp-json\/wp\/v2\/posts\/6644\/revisions\/7362"}],"wp:attachment":[{"href":"https:\/\/blogs.ugto.mx\/rea\/wp-json\/wp\/v2\/media?parent=6644"}],"wp:term":[{"taxonomy":"category","embeddable":true,"href":"https:\/\/blogs.ugto.mx\/rea\/wp-json\/wp\/v2\/categories?post=6644"},{"taxonomy":"post_tag","embeddable":true,"href":"https:\/\/blogs.ugto.mx\/rea\/wp-json\/wp\/v2\/tags?post=6644"}],"curies":[{"name":"wp","href":"https:\/\/api.w.org\/{rel}","templated":true}]}}