{"id":704,"date":"2022-01-21T20:08:36","date_gmt":"2022-01-21T20:08:36","guid":{"rendered":"https:\/\/blogs.ugto.mx\/rea\/?p=704"},"modified":"2022-02-08T18:35:10","modified_gmt":"2022-02-08T18:35:10","slug":"clase-digital-8-enfermeria-ante-la-psicologia-transpersonal","status":"publish","type":"post","link":"https:\/\/blogs.ugto.mx\/rea\/clase-digital-8-enfermeria-ante-la-psicologia-transpersonal\/","title":{"rendered":"Clase digital 8. Enfermer\u00eda ante la psicolog\u00eda transpersonal"},"content":{"rendered":"\n\n\n<div class=\"wp-block-cover is-light\" style=\"min-height:284px;aspect-ratio:unset;\"><span aria-hidden=\"true\" class=\"has-background-dim-40 wp-block-cover__gradient-background has-background-dim\"><\/span><img decoding=\"async\" class=\"wp-block-cover__image-background wp-image-705\" alt=\"\" src=\"data:image\/gif;base64,R0lGODlhAQABAIAAAAAAAP\/\/\/yH5BAEAAAAALAAAAAABAAEAAAIBRAA7\" data-src=\"https:\/\/blogs.ugto.mx\/rea\/wp-content\/uploads\/sites\/71\/2021\/11\/vu-dazveny0.jpg\" style=\"object-position:58% 82%\" data-object-fit=\"cover\" data-object-position=\"58% 82%\" \/><noscript><img loading=\"lazy\" decoding=\"async\" width=\"1600\" height=\"956\" class=\"wp-block-cover__image-background wp-image-705\" alt=\"\" src=\"https:\/\/blogs.ugto.mx\/rea\/wp-content\/uploads\/sites\/71\/2021\/11\/vu-dazveny0.jpg\" style=\"object-position:58% 82%\" data-object-fit=\"cover\" data-object-position=\"58% 82%\" srcset=\"https:\/\/blogs.ugto.mx\/rea\/wp-content\/uploads\/sites\/71\/2021\/11\/vu-dazveny0.jpg 1600w, https:\/\/blogs.ugto.mx\/rea\/wp-content\/uploads\/sites\/71\/2021\/11\/vu-dazveny0-300x179.jpg 300w, https:\/\/blogs.ugto.mx\/rea\/wp-content\/uploads\/sites\/71\/2021\/11\/vu-dazveny0-1024x612.jpg 1024w, https:\/\/blogs.ugto.mx\/rea\/wp-content\/uploads\/sites\/71\/2021\/11\/vu-dazveny0-768x459.jpg 768w, https:\/\/blogs.ugto.mx\/rea\/wp-content\/uploads\/sites\/71\/2021\/11\/vu-dazveny0-1536x918.jpg 1536w\" sizes=\"auto, (max-width: 1600px) 100vw, 1600px\" \/><\/noscript><div class=\"wp-block-cover__inner-container is-layout-flow wp-block-cover-is-layout-flow\">\n<p class=\"has-text-align-center has-base-3-color has-text-color has-large-font-size wp-block-paragraph\">Enfermer\u00eda ante la psicolog\u00eda transpersonal<\/p>\n<\/div><\/div>\n\n\n\n<h2 class=\"wp-block-heading\" id=\"presentacion-del-tema\">Presentaci\u00f3n del tema<\/h2>\n\n\n\n<p class=\"wp-block-paragraph\">\u00a1Hola!<\/p>\n\n\n\n<p class=\"wp-block-paragraph\">Qu\u00e9 gusto saber que contin\u00faas en este proceso formativo, te platico que est\u00e1s por arrancar en la etapa final del curso, por lo tanto y sin m\u00e1s demora, te invito a tu octava clase titulada <strong>Enfermer\u00eda ante la psicolog\u00eda transpersonal<\/strong> del curso de <strong>Psicolog\u00eda.&nbsp;<\/strong><\/p>\n\n\n\n<p class=\"wp-block-paragraph\">En esta ocasi\u00f3n veremos conocer\u00e1s la importancia que tienen todos los usos y costumbres que tienen las diferentes personas y c\u00f3mo ante tu pr\u00e1ctica de enfermer\u00eda te vas a encontrar con un sinn\u00famero de estas situaciones, en las que para lograr una atenci\u00f3n integral en tu paciente, no puedes dejar de largo u omitir sus creencias, experiencias, valores, y la espiritualidad.<\/p>\n\n\n\n<p class=\"wp-block-paragraph\">Dicho lo anterior, te invito a comenzar la clase.<\/p>\n\n\n\n<h2 class=\"wp-block-heading\" id=\"objetivo-didactico-de-la-clase\">Objetivo did\u00e1ctico de la clase<\/h2>\n\n\n\n<ul class=\"wp-block-list\"><li>Identifica los valores, creencias, experiencias espirituales de los individuos o grupos para proporcionar los cuidados de enfermer\u00eda de una manera integral y eficaz.<\/li><\/ul>\n\n\n\n<h2 class=\"wp-block-heading\" id=\"contenido-didactico\">Contenido did\u00e1ctico<\/h2>\n\n\n\n<h3 class=\"wp-block-heading\" id=\"presentacion-de-los-contenidos\">Presentaci\u00f3n de los contenidos<\/h3>\n\n\n\n<h4 class=\"wp-block-heading\" id=\"valores-creencias\">Valores \/ creencias<\/h4>\n\n\n\n<p class=\"wp-block-paragraph\">Un valor seg\u00fan Rocher (1990), es una manera de ser o de obrar que una persona o una colectividad juzgan como ideal y que hace deseables o estimables a los seres o conductas a los que se les atribuye dicho valor.<\/p>\n\n\n\n<p class=\"wp-block-paragraph\">Los valores son relativos, ya que cada sociedad posee valores espec\u00edficos como ideales.<\/p>\n\n\n\n<p class=\"wp-block-paragraph\">Los valores tienen relaci\u00f3n con las normas sociales.<\/p>\n\n\n\n<p class=\"wp-block-paragraph\">Los valores est\u00e1n revestidos de una carga afectiva. Esto hace que sean poderosos factores en la orientaci\u00f3n de las personas y de las colectividades.<\/p>\n\n\n\n<p class=\"wp-block-paragraph\">Diariamente vamos recibiendo informaci\u00f3n a trav\u00e9s de los sentidos, de la relaci\u00f3n con los&nbsp;dem\u00e1s, con la interacci\u00f3n con nuestro medio, y en la medida, en que recibimos, organizamos, procesamos y seleccionamos esa informaci\u00f3n&nbsp;nos permite emitir un juicio en torno a algo \/ alguien, vamos dando una opini\u00f3n sobre el mundo, eso es una <em>Creencia<\/em>.<\/p>\n\n\n\n<p class=\"wp-block-paragraph\">Las creencias suelen estar limitadas porque no alcanzamos a recibir toda la informaci\u00f3n del medio. Las creencias est\u00e1n determinadas en parte, por el lugar en donde nacimos.<\/p>\n\n\n\n<h4 class=\"wp-block-heading\" id=\"enfermeria-transcultural\">Enfermer\u00eda transcultural<\/h4>\n\n\n\n<p class=\"wp-block-paragraph\">La <strong>cultura<\/strong>: Se define como los valores, creencias, normas y estilos de vida aprendidos, compartidos y transmitidos en la familia y sociedad.<\/p>\n\n\n\n<p class=\"wp-block-paragraph\"><em>La <\/em><strong><em>cultura material<\/em> <\/strong>consta de objetos (como ropa, arte, objetos religiosos o utensilios para comer) y del modo de usarlos.<\/p>\n\n\n\n<p class=\"wp-block-paragraph\"><em>La <strong>cultura no material<\/strong><\/em> hace referencia a las creencias, costumbres, lenguaje e instituciones sociales.<\/p>\n\n\n\n<ul class=\"wp-block-list\"><li>Valores (respeto, empat\u00eda, la verdad, patriotismo, etc.)<\/li><li>Costumbres.&nbsp;<\/li><li>Tradiciones.<\/li><li>Normas; respeto a la propiedad, monogamia, fidelidad a la esposa.<\/li><li>Religiosidad.<\/li><li>Folkways (usos: reglas de comer, formas de vestir, saludar etc.)<\/li><li>Leyes.<\/li><\/ul>\n\n\n\n<p class=\"wp-block-paragraph\"><em>Una <strong>subcultura<\/strong><\/em>: Se compone de personas que poseen una identidad clara, tambi\u00e9n est\u00e1n relacionadas con un grupo cultural mayor.&nbsp;<\/p>\n\n\n\n<p class=\"wp-block-paragraph\">Un grupo subcultural generalmente comparte caracter\u00edsticas \u00e9tnicas, laborales o f\u00edsicas con el grupo cultural mayor.&nbsp;<\/p>\n\n\n\n<p class=\"wp-block-paragraph\">Ejemplos de subgrupos culturales son:<\/p>\n\n\n\n<ul class=\"wp-block-list\"><li>Grupo laborales (enfermeros).<\/li><li>Grupos sociales (feministas).&nbsp;<\/li><li>O grupos \u00e9tnicos (Pueblo) los huastecos, los mayas, los otom\u00edes, los huicholes, etc.<\/li><\/ul>\n\n\n\n<h4 class=\"wp-block-heading\" id=\"la-diversidad-cultural\">La diversidad cultural&nbsp;<\/h4>\n\n\n\n<p class=\"wp-block-paragraph\">Se refiere al hecho o afirmaci\u00f3n de ser diferentes; raza, g\u00e9nero, inclinaci\u00f3n sexual, cultural, etnia, estatus socioecon\u00f3mico, nivel acad\u00e9mico, filiaci\u00f3n religiosa y otros muchos.&nbsp;<\/p>\n\n\n\n<p class=\"wp-block-paragraph\">La diversidad, por tanto, no se produce s\u00f3lo entre grupos culturales, sino tambi\u00e9n dentro de un mismo grupo cultural.<\/p>\n\n\n\n<p class=\"wp-block-paragraph\">El t\u00e9rmino etnia se refiere a un grupo de personas que comparten una cultura com\u00fan y distintiva, y que son miembros de un grupo concreto. El grupo \u00e9tnico comparte una herencia cultural y social com\u00fan que pasa a las generaciones sucesivas.<\/p>\n\n\n\n<p class=\"wp-block-paragraph\">Madeleine Leininger, una antrop\u00f3loga enfermera, describi\u00f3 la enfermer\u00eda transcultural como el estudio de distintas culturas y subculturas en relaci\u00f3n con la enfermer\u00eda y con las pr\u00e1cticas, creencias y valores asistenciales relacionados con la salud enfermedad.<\/p>\n\n\n\n<p class=\"wp-block-paragraph\">Fusi\u00f3n de dos conceptos de disciplinas distintas:<\/p>\n\n\n\n<ul class=\"wp-block-list\"><li>La antropolog\u00eda (cultura).<\/li><li>La enfermer\u00eda (cuidado).<\/li><\/ul>\n\n\n\n<h4 class=\"wp-block-heading\" id=\"implementacion-el-medio\">Implementaci\u00f3n el medio<\/h4>\n\n\n\n<p class=\"wp-block-paragraph\"><em><strong>Momentos Culturales<\/strong><\/em> en el Proceso de Salud-Enfermedad. Momento Multicultural.<\/p>\n\n\n\n<p class=\"wp-block-paragraph\">Existe una muralla entre la forma de vida, las expectativas y la cultura anterior a la detecci\u00f3n de la enfermedad<\/p>\n\n\n\n<p class=\"wp-block-paragraph\"><em><strong>Momento Intercultural:<\/strong><\/em><\/p>\n\n\n\n<p class=\"wp-block-paragraph\">Inicia el proceso de reconocimiento y conciliaci\u00f3n con el nuevo estado de necesidades (por la enfermedad).<\/p>\n\n\n\n<p class=\"wp-block-paragraph\"><em><strong>Momento Transcultural:<\/strong><\/em><\/p>\n\n\n\n<p class=\"wp-block-paragraph\">Toma conciencia de su situaci\u00f3n, reconoci\u00e9ndose en su nuevo estado, desaparece el sentimiento de rechazo.<\/p>\n\n\n\n<p class=\"wp-block-paragraph\"><em>Cambian camas por hamacas en hospital del IMSS en Campeche<\/em>:<\/p>\n\n\n\n<ul class=\"wp-block-list\"><li>La finalidad de este proyecto es dar confort a las mam\u00e1s y a los adultos mayores.<\/li><li>\u201cEn el IMSS han colocado en sus instalaciones hamacas con la finalidad de hacer m\u00e1s placentera la estancia de los adultos mayores y las pacientes en labores de parto\u201d.<\/li><li>La instalaci\u00f3n de las hamacas no se debe a un error ni a una precarizaci\u00f3n de servicios en la cl\u00ednica, sino de las costumbres mayas.<\/li><\/ul>\n\n\n\n<figure class=\"wp-block-gallery aligncenter has-nested-images columns-default is-cropped wp-block-gallery-1 is-layout-flex wp-block-gallery-is-layout-flex\">\n<figure class=\"wp-block-image size-large\"><img decoding=\"async\" data-id=\"706\" src=\"data:image\/gif;base64,R0lGODlhAQABAIAAAAAAAP\/\/\/yH5BAEAAAAALAAAAAABAAEAAAIBRAA7\" data-src=\"https:\/\/blogs.ugto.mx\/rea\/wp-content\/uploads\/sites\/71\/2021\/11\/1-2.png\" alt=\"\" class=\"wp-image-706\" \/><noscript><img loading=\"lazy\" decoding=\"async\" width=\"512\" height=\"341\" data-id=\"706\" src=\"https:\/\/blogs.ugto.mx\/rea\/wp-content\/uploads\/sites\/71\/2021\/11\/1-2.png\" alt=\"\" class=\"wp-image-706\" srcset=\"https:\/\/blogs.ugto.mx\/rea\/wp-content\/uploads\/sites\/71\/2021\/11\/1-2.png 512w, https:\/\/blogs.ugto.mx\/rea\/wp-content\/uploads\/sites\/71\/2021\/11\/1-2-300x200.png 300w, https:\/\/blogs.ugto.mx\/rea\/wp-content\/uploads\/sites\/71\/2021\/11\/1-2-272x182.png 272w\" sizes=\"auto, (max-width: 512px) 100vw, 512px\" \/><\/noscript><\/figure>\n\n\n\n<figure class=\"wp-block-image size-large\"><img decoding=\"async\" data-id=\"707\" src=\"data:image\/gif;base64,R0lGODlhAQABAIAAAAAAAP\/\/\/yH5BAEAAAAALAAAAAABAAEAAAIBRAA7\" data-src=\"https:\/\/blogs.ugto.mx\/rea\/wp-content\/uploads\/sites\/71\/2021\/11\/2-2.png\" alt=\"\" class=\"wp-image-707\" \/><noscript><img loading=\"lazy\" decoding=\"async\" width=\"512\" height=\"341\" data-id=\"707\" src=\"https:\/\/blogs.ugto.mx\/rea\/wp-content\/uploads\/sites\/71\/2021\/11\/2-2.png\" alt=\"\" class=\"wp-image-707\" srcset=\"https:\/\/blogs.ugto.mx\/rea\/wp-content\/uploads\/sites\/71\/2021\/11\/2-2.png 512w, https:\/\/blogs.ugto.mx\/rea\/wp-content\/uploads\/sites\/71\/2021\/11\/2-2-300x200.png 300w, https:\/\/blogs.ugto.mx\/rea\/wp-content\/uploads\/sites\/71\/2021\/11\/2-2-272x182.png 272w\" sizes=\"auto, (max-width: 512px) 100vw, 512px\" \/><\/noscript><\/figure>\n<figcaption class=\"blocks-gallery-caption\"><strong>Imagen 1. <\/strong>IMSS de Campeche, 47% de la poblaci\u00f3n es Maya.<\/figcaption><\/figure>\n\n\n\n<h2 class=\"wp-block-heading\" id=\"conclusion\">Conclusi\u00f3n<\/h2>\n\n\n\n<p class=\"wp-block-paragraph\">Es importante que como enfermera (o), seas consciente de la importancia de la trascendencia de la dimensi\u00f3n espiritual de las personas, con el fin de cuidar que sus valores, creencias, actitudes, expresiones espirituales o culturales, no sea vulnerados, al contrario, hay que procurar su expresi\u00f3n para que en la medida de que esto se priorice, act\u00faes de manera directa en la recuperaci\u00f3n de la salud y preservaci\u00f3n de su entorno.&nbsp; Los valores constituyen una jerarqu\u00eda, que seguimos o no, y forman parte de una sociedad, estas costumbres son el pilar de muchas personas y es importante mantener una actitud de respeto y apertura ante esto.<\/p>\n\n\n\n<p class=\"wp-block-paragraph\">\u00a1Has concluido la \u00faltima clase del curso! Ha sido un gozo compartir contigo este trayecto formativo. Deseo que el curso haya cumplido con tus expectativas y te encuentres satisfecho con los temas abordados, as\u00ed como con tu desempe\u00f1o y compromiso. No olvides realizar la tarea asignada para la plena conclusi\u00f3n del curso. Espero encontrarte nuevamente, \u00a1hasta pronto!<\/p>\n","protected":false},"excerpt":{"rendered":"<p>Presentaci\u00f3n del tema \u00a1Hola! Qu\u00e9 gusto saber que contin\u00faas en este proceso formativo, te platico que est\u00e1s por arrancar en la etapa final del curso, por lo tanto y sin m\u00e1s demora, te invito a tu octava clase titulada Enfermer\u00eda ante la psicolog\u00eda transpersonal del curso de Psicolog\u00eda.&nbsp; En esta ocasi\u00f3n veremos conocer\u00e1s la importancia &#8230; <a title=\"Clase digital 8. Enfermer\u00eda ante la psicolog\u00eda transpersonal\" class=\"read-more\" href=\"https:\/\/blogs.ugto.mx\/rea\/clase-digital-8-enfermeria-ante-la-psicologia-transpersonal\/\" aria-label=\"Leer m\u00e1s sobre Clase digital 8. Enfermer\u00eda ante la psicolog\u00eda transpersonal\">Leer m\u00e1s<\/a><\/p>\n","protected":false},"author":142,"featured_media":0,"comment_status":"closed","ping_status":"closed","sticky":false,"template":"","format":"standard","meta":{"_acf_changed":false,"_crdt_document":"","episode_type":"","audio_file":"","podmotor_file_id":"","podmotor_episode_id":"","cover_image":"","cover_image_id":"","duration":"","filesize":"","filesize_raw":"","date_recorded":"","explicit":"","block":"","itunes_episode_number":"","itunes_title":"","itunes_season_number":"","itunes_episode_type":"","footnotes":""},"categories":[34,37],"tags":[41,57,56,55],"class_list":["post-704","post","type-post","status-publish","format-standard","hentry","category-licenciatura-en-enfermeria-y-obstetricia","category-uda-psicologia","tag-clase-digital","tag-griselda-guadalupe-padilla-martinez","tag-judith-stefany-romero-lazarini","tag-scli04032"],"acf":[],"jetpack_featured_media_url":"","_links":{"self":[{"href":"https:\/\/blogs.ugto.mx\/rea\/wp-json\/wp\/v2\/posts\/704","targetHints":{"allow":["GET"]}}],"collection":[{"href":"https:\/\/blogs.ugto.mx\/rea\/wp-json\/wp\/v2\/posts"}],"about":[{"href":"https:\/\/blogs.ugto.mx\/rea\/wp-json\/wp\/v2\/types\/post"}],"author":[{"embeddable":true,"href":"https:\/\/blogs.ugto.mx\/rea\/wp-json\/wp\/v2\/users\/142"}],"replies":[{"embeddable":true,"href":"https:\/\/blogs.ugto.mx\/rea\/wp-json\/wp\/v2\/comments?post=704"}],"version-history":[{"count":3,"href":"https:\/\/blogs.ugto.mx\/rea\/wp-json\/wp\/v2\/posts\/704\/revisions"}],"predecessor-version":[{"id":6740,"href":"https:\/\/blogs.ugto.mx\/rea\/wp-json\/wp\/v2\/posts\/704\/revisions\/6740"}],"wp:attachment":[{"href":"https:\/\/blogs.ugto.mx\/rea\/wp-json\/wp\/v2\/media?parent=704"}],"wp:term":[{"taxonomy":"category","embeddable":true,"href":"https:\/\/blogs.ugto.mx\/rea\/wp-json\/wp\/v2\/categories?post=704"},{"taxonomy":"post_tag","embeddable":true,"href":"https:\/\/blogs.ugto.mx\/rea\/wp-json\/wp\/v2\/tags?post=704"}],"curies":[{"name":"wp","href":"https:\/\/api.w.org\/{rel}","templated":true}]}}