{"id":717,"date":"2021-11-18T21:41:27","date_gmt":"2021-11-18T21:41:27","guid":{"rendered":"https:\/\/blogs.ugto.mx\/rea\/?p=717"},"modified":"2022-02-08T18:10:24","modified_gmt":"2022-02-08T18:10:24","slug":"clase-digital-2-terminos-anatomicos","status":"publish","type":"post","link":"https:\/\/blogs.ugto.mx\/rea\/clase-digital-2-terminos-anatomicos\/","title":{"rendered":"Clase digital 2. T\u00e9rminos anat\u00f3micos"},"content":{"rendered":"\n\n\n<div class=\"wp-block-cover is-light\" style=\"min-height:286px;aspect-ratio:unset;\"><span aria-hidden=\"true\" class=\"has-background-dim-40 wp-block-cover__gradient-background has-background-dim\"><\/span><img decoding=\"async\" class=\"wp-block-cover__image-background wp-image-725\" alt=\"\" src=\"data:image\/gif;base64,R0lGODlhAQABAIAAAAAAAP\/\/\/yH5BAEAAAAALAAAAAABAAEAAAIBRAA7\" data-src=\"https:\/\/blogs.ugto.mx\/rea\/wp-content\/uploads\/sites\/71\/2021\/11\/ig96k_hidk0.jpg\" style=\"object-position:83% 82%\" data-object-fit=\"cover\" data-object-position=\"83% 82%\" \/><noscript><img loading=\"lazy\" decoding=\"async\" width=\"1600\" height=\"1200\" class=\"wp-block-cover__image-background wp-image-725\" alt=\"\" src=\"https:\/\/blogs.ugto.mx\/rea\/wp-content\/uploads\/sites\/71\/2021\/11\/ig96k_hidk0.jpg\" style=\"object-position:83% 82%\" data-object-fit=\"cover\" data-object-position=\"83% 82%\" srcset=\"https:\/\/blogs.ugto.mx\/rea\/wp-content\/uploads\/sites\/71\/2021\/11\/ig96k_hidk0.jpg 1600w, https:\/\/blogs.ugto.mx\/rea\/wp-content\/uploads\/sites\/71\/2021\/11\/ig96k_hidk0-300x225.jpg 300w, https:\/\/blogs.ugto.mx\/rea\/wp-content\/uploads\/sites\/71\/2021\/11\/ig96k_hidk0-1024x768.jpg 1024w, https:\/\/blogs.ugto.mx\/rea\/wp-content\/uploads\/sites\/71\/2021\/11\/ig96k_hidk0-768x576.jpg 768w, https:\/\/blogs.ugto.mx\/rea\/wp-content\/uploads\/sites\/71\/2021\/11\/ig96k_hidk0-1536x1152.jpg 1536w\" sizes=\"auto, (max-width: 1600px) 100vw, 1600px\" \/><\/noscript><div class=\"wp-block-cover__inner-container is-layout-flow wp-block-cover-is-layout-flow\">\n<p class=\"has-text-align-center has-base-3-color has-text-color has-large-font-size wp-block-paragraph\">T\u00e9rminos anat\u00f3micos<\/p>\n<\/div><\/div>\n\n\n\n<h2 class=\"wp-block-heading\" id=\"presentacion-del-tema\">Presentaci\u00f3n del tema<\/h2>\n\n\n\n<p class=\"wp-block-paragraph\">Para el estudio del cuerpo humano, siempre se deber\u00e1 considerar al individuo de pie con los miembros superiores e inferiores hacia delante con las palmas mirando al frente.&nbsp;<\/p>\n\n\n\n<ul class=\"wp-block-list\"><li>A. La cabeza, los ojos y los dedos de los pies se dirigen en sentido anterior (hacia delante).<\/li><li>B. Los miembros superiores cuelgan con las palmas mirando en direcci\u00f3n anterior (al frente).<\/li><li>C. Los miembros inferiores y los pies se dirigen hacia delante.<\/li><\/ul>\n\n\n\n<h2 class=\"wp-block-heading\" id=\"objetivo-didactico-de-la-clase\">Objetivo did\u00e1ctico de la clase<\/h2>\n\n\n\n<ul class=\"wp-block-list\"><li>Las y los estudiantes aprender\u00e1n c\u00f3mo los cient\u00edficos estudian el cuerpo humano estableciendo la posici\u00f3n anat\u00f3mica para poder nombrar de forma correcta las regiones del cuerpo mediante el uso de la terminolog\u00eda m\u00e9dica internacional, esto para saber referirse y ubicar de manera correcta las distintas partes y estructuras del cuerpo.<\/li><\/ul>\n\n\n\n<h2 class=\"wp-block-heading\" id=\"contenido-didactico\">Contenido did\u00e1ctico<\/h2>\n\n\n\n<h3 class=\"wp-block-heading\" id=\"presentacion-de-los-contenidos\">Presentaci\u00f3n de los contenidos<\/h3>\n\n\n\n<h4 class=\"wp-block-heading\" id=\"terminos-anatomicos\">T\u00e9rminos anat\u00f3micos<\/h4>\n\n\n\n<p class=\"wp-block-paragraph\">Son t\u00e9rminos que se utilizan para la ubicaci\u00f3n de las estructuras y \u00f3rganos, est\u00e1n basados en la posici\u00f3n anat\u00f3mica. Normalmente se habla de una l\u00ednea media o mediana en donde se intersectan los planos frontal y mediosagital. &nbsp;<\/p>\n\n\n\n<figure class=\"wp-block-table\"><table class=\"has-fixed-layout\"><thead><tr><th>T\u00e9rmino<\/th><th>Concepto<\/th><th>Ejemplo<\/th><\/tr><\/thead><tbody><tr><td>Superior, Cef\u00e1lico o Craneal<\/td><td>Lo que est\u00e1 hacia arriba, superior o m\u00e1s cerca de la cabeza<\/td><td>El h\u00famero se ubica superior al radio<\/td><\/tr><tr><td>Inferior, Podal o Caudal<\/td><td>Lo que est\u00e1 hacia abajo, inferior o m\u00e1s cerca de los pies<\/td><td>La tibia se ubica inferior al f\u00e9mur<\/td><\/tr><tr><td>Anterior o Ventral<\/td><td>Lo que est\u00e1 hacia adelante de la l\u00ednea mediana, est\u00e1 mirando al frente<\/td><td>El coraz\u00f3n se ubica ventral a la columna vertebral<\/td><\/tr><tr><td>Posterior o Dorsal<\/td><td>Lo que est\u00e1 hacia atr\u00e1s de la l\u00ednea mediana, est\u00e1 mirando hacia la espalda<\/td><td>El coraz\u00f3n se ubica dorsal al estern\u00f3n<\/td><\/tr><tr><td>Medial<\/td><td>Lo que se acerca o est\u00e1 m\u00e1s cerca de la l\u00ednea mediana<\/td><td>El c\u00fabito se encuentra en el lado medial del antebrazo<\/td><\/tr><tr><td>Lateral<\/td><td>Hacia un lado o est\u00e1 m\u00e1s lejos de la l\u00ednea medial<\/td><td>El radio es lateral con respecto al c\u00fabito<\/td><\/tr><tr><td>Proximal<\/td><td>M\u00e1s cerca del punto de inserci\u00f3n u origen<\/td><td>La rodilla es proximal con respecto al tobillo<\/td><\/tr><tr><td>Distal<\/td><td>Lo que se encuentra lejos o distante del punto de articulaci\u00f3n de los miembros (hombro y cadera)<\/td><td>El tobillo es distal en comparaci\u00f3n a la rodilla<\/td><\/tr><tr><td>Externo<\/td><td>Lo que est\u00e1 por fuera o al exterior de un \u00f3rgano o estructura<\/td><td>La sustancia compacta se ubica externa en los huesos.<\/td><\/tr><tr><td>Interno<\/td><td>Lo que est\u00e1 por dentro o al interior de un \u00f3rgano o estructura<\/td><td>La sustancia esponjosa se ubica interna en los huesos<\/td><\/tr><tr><td>Ipsilateral<\/td><td>Estructura u \u00f3rgano que se ubica al mismo lado del cuerpo<\/td><td>Ojo derecho y ri\u00f1\u00f3n derecho son ipsilaterales<\/td><\/tr><tr><td>Contralateral<\/td><td>Estructura u \u00f3rgano que se ubica en el lado contrario del cuerpo<\/td><td>El hemisferio cerebral derecho controla la movilidad contralateral del cuerpo<\/td><\/tr><tr><td>Superficial<\/td><td>Estructura u \u00f3rgano que se ubica cerca de la superficie del cuerpo<\/td><td>Los m\u00fasculos de la pared abdominal son superficiales en relaci\u00f3n con los \u00f3rganos del interior de la cavidad abdominal<\/td><\/tr><tr><td>Profundo<\/td><td>Estructura u \u00f3rgano que se ubica lejos de la superficie del cuerpo<\/td><td>Las costillas son profundas en relaci\u00f3n a la piel del t\u00f3rax<\/td><\/tr><\/tbody><\/table><\/figure>\n\n\n\n<h4 class=\"wp-block-heading\" id=\"regiones-y-cavidades-anatomicas\">Regiones y cavidades anat\u00f3micas<\/h4>\n\n\n\n<h5 class=\"wp-block-heading\" id=\"cortes-anatomicos\">Cortes anat\u00f3micos<\/h5>\n\n\n\n<p class=\"wp-block-paragraph\">Las l\u00edneas de las cuales se ha hablado generan la posibilidad de realizar cortes a trav\u00e9s de ellas con el fin de poder observar estructuras internas del cuerpo humano.<\/p>\n\n\n\n<ul class=\"wp-block-list\"><li>Corte coronal: es el corte que se realiza a trav\u00e9s de la l\u00ednea longitudinal, pasa por las orejas. Divide al cuerpo en dos partes <strong>no iguales<\/strong>, anteriores y posteriores. Recibe su nombre porque pasa por la sutura coronal (Articulaci\u00f3n del hueso frontal con los dos parietales).<\/li><li>Cortes longitudinales: se realizan a trav\u00e9s de las l\u00edneas parietales paralelas a la l\u00ednea longitudinal media o coronal. Son l\u00edneas tambi\u00e9n longitudinales pero anteriores o posteriores a la l\u00ednea coronal.<\/li><li>Corte mediales: este corte puede ser realizado en la posici\u00f3n anat\u00f3mica. L\u00ednea media perpendicular al plano longitudinal que divide al cuerpo humano en dos partes iguales. A trav\u00e9s de esta l\u00ednea realizamos un corte, separa en partes iguales todas las estructuras pares del cuerpo humano, tales como ojos, orejas, miembros superiores, miembros inferiores; as\u00ed como internas tales como: ovarios, ri\u00f1ones, etc.<\/li><li>Cortes sagitales: son realizados en l\u00edneas trazadas paralelamente a la l\u00ednea medial. Son cortes realizados laterales a la l\u00ednea media que por supuesto ya no dividen al cuerpo en dos mitades iguales.<\/li><li>Corte transversal medio: rs aquel corte que se realiza horizontal y perpendicular al corte medial. Pasa a trav\u00e9s del ombligo y divide al cuerpo humano en dos mitades superior e inferior.<\/li><\/ul>\n\n\n\n<h5 class=\"wp-block-heading\" id=\"cavidades-corporales\">Cavidades corporales<\/h5>\n\n\n\n<ul class=\"wp-block-list\"><li>Cavidad craneal: localizada en el interior de la caja craneana \u00f3sea. Es la cavidad m\u00e1s superior, es medial, se contin\u00faa con el canal llamado canal vertebral. Contiene al enc\u00e9falo y al cerebelo.<\/li><li>Cavidad vertebral: forma un conducto llamado canal vertebral que recorre a todo lo largo la columna vertebral internamente. Se une por arriba con la cavidad craneal a trav\u00e9s del agujero occipital. Llega hasta la regi\u00f3n gl\u00fatea. Su posici\u00f3n es dorsal y medial en todo su trayecto. Contiene la m\u00e9dula espinal.<\/li><li>Cavidad tor\u00e1cica: protegida por la caja tor\u00e1cica, es decir, est\u00e1 localizada dentro del t\u00f3rax. Es inferior a la cavidad craneal y lateral y anterior a la cavidad vertebral. Ocupa todo el t\u00f3rax y est\u00e1 formada a su vez por tres cavidades:<ul><li>Cavidad pulmonar derecha: localizada lateral derecha y anterior a la cavidad vertebral. Contiene al pulm\u00f3n derecho.<\/li><li>Cavidad pulmonar izquierda: localizada lateral izquierda y anterior a la cavidad vertebral. Contiene al pulm\u00f3n izquierdo.<\/li><li>Cavidad cardiaca: ubicada entre las cavidades pulmonares y anterior&nbsp;la cavidad vertebral, que contiene al coraz\u00f3n y mediastino.<\/li><\/ul><\/li><\/ul>\n\n\n\n<h4 class=\"wp-block-heading\" id=\"planos-y-relaciones-anatomicas\">Planos y relaciones anat\u00f3micas<\/h4>\n\n\n\n<p class=\"wp-block-paragraph\">Con base en la posici\u00f3n anat\u00f3mica se trazan tres planos imaginarios. Generalmente se habla de secciones, cortes o planos, pero s\u00f3lo cuando dividen al cuerpo completo, no deben ser aplicados a \u00f3rganos.<\/p>\n\n\n\n<ul class=\"wp-block-list\"><li>Plano coronal o frontal: es el plano que se traza a trav\u00e9s de la l\u00ednea longitudinal media que pasa por las orejas y divide al cuerpo en dos partes <strong>no iguales<\/strong>, anterior y posterior. Se llama coronal debido a que pasa por la sutura coronal (Articulaci\u00f3n del hueso frontal con los dos parietales).<\/li><li>Plano medio o sagital: l\u00ednea media perpendicular al plano coronal que divide al cuerpo humano en dos partes asim\u00e9tricas derecha e izquierda.<\/li><li>Plano trasversal: divide al cuerpo en una mitad superior e inferior. Los planos paralelos se denominan paracoronal, paramediano (sagital) y parahorizontal, respectivamente.<\/li><\/ul>\n\n\n\n<div class=\"wp-block-image\"><figure class=\"aligncenter size-full\"><img decoding=\"async\" src=\"data:image\/gif;base64,R0lGODlhAQABAIAAAAAAAP\/\/\/yH5BAEAAAAALAAAAAABAAEAAAIBRAA7\" data-src=\"https:\/\/blogs.ugto.mx\/rea\/wp-content\/uploads\/sites\/71\/2021\/11\/Human_anatomy.png\" alt=\"T\u00e9rminos anat\u00f3micos2\" class=\"wp-image-733\" \/><noscript><img loading=\"lazy\" decoding=\"async\" width=\"509\" height=\"500\" src=\"https:\/\/blogs.ugto.mx\/rea\/wp-content\/uploads\/sites\/71\/2021\/11\/Human_anatomy.png\" alt=\"T\u00e9rminos anat\u00f3micos2\" class=\"wp-image-733\" srcset=\"https:\/\/blogs.ugto.mx\/rea\/wp-content\/uploads\/sites\/71\/2021\/11\/Human_anatomy.png 509w, https:\/\/blogs.ugto.mx\/rea\/wp-content\/uploads\/sites\/71\/2021\/11\/Human_anatomy-300x295.png 300w\" sizes=\"auto, (max-width: 509px) 100vw, 509px\" \/><\/noscript><figcaption>Ilustraci\u00f3n 1 Planos anat\u00f3micos. Fuente: http:\/\/commons.wikimedia.org\/wiki\/File:Human_anatomy_planes-EScor.png<\/figcaption><\/figure><\/div>\n\n\n\n<h4 class=\"wp-block-heading\" id=\"regiones-y-cuadrantes-de-la-cavidad-abdominopelvica\">Regiones y cuadrantes de la cavidad abdominop\u00e9lvica<\/h4>\n\n\n\n<p class=\"wp-block-paragraph\">La cavidad abdominal ocupa toda la regi\u00f3n del abdomen, rodeada por tejidos blandos musculares en casi toda su extensi\u00f3n a excepci\u00f3n de la parte dorsal media que est\u00e1 soportada por la columna vertebral. Se divide para su estudio por l\u00edneas transversales y sagitales o verticales en varios cuadrantes en la siguiente forma:<\/p>\n\n\n\n<ul class=\"wp-block-list\"><li>Trazando una l\u00ednea horizontal imaginaria paralela a la l\u00ednea transversal media o umbilical que pasa por los rebordes costales.<\/li><li>Otra l\u00ednea que pasa paralela a la anterior y por las dos espinas il\u00edacas antero-superiores.<\/li><li>Trazando dos l\u00edneas verticales sagitales imaginarias paralelas a la l\u00ednea media. Parten de los puntos medios claviculares, pasando por los puntos mamilares, atravesando todo el abdomen.<\/li><\/ul>\n\n\n\n<p class=\"wp-block-paragraph\">Se obtienen as\u00ed nueve 9 cuadrantes&nbsp;y en cada uno se encuentran diferentes \u00f3rganos abdominales.<\/p>\n\n\n\n<p class=\"wp-block-paragraph\">Tres superiores:<\/p>\n\n\n\n<ul class=\"wp-block-list\"><li>Hipocondrio derecho (h\u00edgado, ves\u00edcula biliar, \u00e1ngulo hep\u00e1tico del colon, gl\u00e1ndula suprarrenal y ri\u00f1\u00f3n derecho)<\/li><li>Hipocondrio izquierdo (cola del bazo, \u00e1ngulo espl\u00e9nico del colon, p\u00e1ncreas, gl\u00e1ndula suprarrenal y ri\u00f1\u00f3n izquierdo)<\/li><li>Epigastrio (est\u00f3mago, duodeno, p\u00e1ncreas y el plexo solar)<\/li><\/ul>\n\n\n\n<p class=\"wp-block-paragraph\">Tres intermedios:<\/p>\n\n\n\n<ul class=\"wp-block-list\"><li>Flanco derecho (colon ascendente, ur\u00e9ter derecho y asas delgadas)<\/li><li>Flanco izquierdo (colon descendente, ur\u00e9ter izquierdo y asas delgadas)<\/li><li>Mesogastrio (asas delgadas y colon transverso)<\/li><\/ul>\n\n\n\n<p class=\"wp-block-paragraph\">Tres inferiores:<\/p>\n\n\n\n<ul class=\"wp-block-list\"><li>Fosa il\u00edaca derecha (ciego, ap\u00e9ndice cecal, anexos femeninos: trompa y ovario)<\/li><li>Fosa il\u00edaca izquierda (colon sigmoides, anexos izquierdos en la mujer)<\/li><li>Hipogastrio (epipl\u00f3n mayor, asas delgadas, vejiga urinaria, vejiga urinaria, \u00fatero en la mujer)<\/li><\/ul>\n\n\n\n<div class=\"wp-block-image\"><figure class=\"aligncenter size-full is-resized\"><img loading=\"lazy\" decoding=\"async\" src=\"data:image\/gif;base64,R0lGODlhAQABAIAAAAAAAP\/\/\/yH5BAEAAAAALAAAAAABAAEAAAIBRAA7\" data-src=\"https:\/\/blogs.ugto.mx\/rea\/wp-content\/uploads\/sites\/71\/2021\/11\/Human_anatomy2.png\" alt=\"T\u00e9rminos anat\u00f3micos3\" class=\"wp-image-742\" width=\"378\" height=\"450\" \/><noscript><img loading=\"lazy\" decoding=\"async\" src=\"https:\/\/blogs.ugto.mx\/rea\/wp-content\/uploads\/sites\/71\/2021\/11\/Human_anatomy2.png\" alt=\"T\u00e9rminos anat\u00f3micos3\" class=\"wp-image-742\" width=\"378\" height=\"450\" srcset=\"https:\/\/blogs.ugto.mx\/rea\/wp-content\/uploads\/sites\/71\/2021\/11\/Human_anatomy2.png 652w, https:\/\/blogs.ugto.mx\/rea\/wp-content\/uploads\/sites\/71\/2021\/11\/Human_anatomy2-252x300.png 252w\" sizes=\"auto, (max-width: 378px) 100vw, 378px\" \/><\/noscript><figcaption>http:\/\/commons.wikimedia.org\/wiki\/File:Gray1220-es.svg<\/figcaption><\/figure><\/div>\n\n\n\n<div class=\"wp-block-image\"><figure class=\"aligncenter size-full\"><img decoding=\"async\" src=\"data:image\/gif;base64,R0lGODlhAQABAIAAAAAAAP\/\/\/yH5BAEAAAAALAAAAAABAAEAAAIBRAA7\" data-src=\"https:\/\/blogs.ugto.mx\/rea\/wp-content\/uploads\/sites\/71\/2021\/11\/Cavidad.jpg\" alt=\"T\u00e9rminos anat\u00f3micos3\" class=\"wp-image-743\" \/><noscript><img loading=\"lazy\" decoding=\"async\" width=\"265\" height=\"323\" src=\"https:\/\/blogs.ugto.mx\/rea\/wp-content\/uploads\/sites\/71\/2021\/11\/Cavidad.jpg\" alt=\"T\u00e9rminos anat\u00f3micos3\" class=\"wp-image-743\" srcset=\"https:\/\/blogs.ugto.mx\/rea\/wp-content\/uploads\/sites\/71\/2021\/11\/Cavidad.jpg 265w, https:\/\/blogs.ugto.mx\/rea\/wp-content\/uploads\/sites\/71\/2021\/11\/Cavidad-246x300.jpg 246w\" sizes=\"auto, (max-width: 265px) 100vw, 265px\" \/><\/noscript><figcaption>http:\/\/hnncbiol.blogspot.mx\/2008\/01\/terminologia-anatomica.html<\/figcaption><\/figure><\/div>\n\n\n\n<ul class=\"wp-block-list\"><li>Cavidad pelviana o pelvis: localizada posterior al pubis, anterior al sacro, rodeada por los huesos il\u00edacos y contiene los \u00f3rganos reproductores, la vejiga y el recto. Su utilidad tambi\u00e9n se localiza en auxiliares de radiodiagn\u00f3stico, las especialidades de rehabilitaci\u00f3n y cirug\u00eda.<\/li><\/ul>\n\n\n\n<div class=\"wp-block-image\"><figure class=\"aligncenter size-large\"><img decoding=\"async\" src=\"data:image\/gif;base64,R0lGODlhAQABAIAAAAAAAP\/\/\/yH5BAEAAAAALAAAAAABAAEAAAIBRAA7\" data-src=\"https:\/\/blogs.ugto.mx\/rea\/wp-content\/uploads\/sites\/71\/2021\/11\/body-1024x690.png\" alt=\"\" class=\"wp-image-746\" \/><noscript><img loading=\"lazy\" decoding=\"async\" width=\"1024\" height=\"690\" src=\"https:\/\/blogs.ugto.mx\/rea\/wp-content\/uploads\/sites\/71\/2021\/11\/body-1024x690.png\" alt=\"\" class=\"wp-image-746\" srcset=\"https:\/\/blogs.ugto.mx\/rea\/wp-content\/uploads\/sites\/71\/2021\/11\/body-1024x690.png 1024w, https:\/\/blogs.ugto.mx\/rea\/wp-content\/uploads\/sites\/71\/2021\/11\/body-300x202.png 300w, https:\/\/blogs.ugto.mx\/rea\/wp-content\/uploads\/sites\/71\/2021\/11\/body-768x517.png 768w, https:\/\/blogs.ugto.mx\/rea\/wp-content\/uploads\/sites\/71\/2021\/11\/body-272x182.png 272w, https:\/\/blogs.ugto.mx\/rea\/wp-content\/uploads\/sites\/71\/2021\/11\/body.png 1143w\" sizes=\"auto, (max-width: 1024px) 100vw, 1024px\" \/><\/noscript><\/figure><\/div>\n\n\n\n<h2 class=\"wp-block-heading\" id=\"ideas-relevantes-de-la-clase-digital\">Ideas relevantes de la clase digital<\/h2>\n\n\n\n<h3 class=\"wp-block-heading\" id=\"conceptos-de-anatomia-y-fisiologia\">Conceptos de anatom\u00eda y fisiolog\u00eda<\/h3>\n\n\n\n<p class=\"wp-block-paragraph\">En el estudio del cuerpo humano se habla de la posici\u00f3n anat\u00f3mica, para ello el individuo debe estar de pie, vista al frente, miembros superiores hacia los lados ligeramente separados, con las palmas mirando al frente y los miembros inferiores paralelos. Su utilidad permite describir regiones, cavidades, planos, relaciones, regiones y cuadrantes de la cavidad abdomino-p\u00e9lvica.<\/p>\n\n\n\n<p class=\"wp-block-paragraph\">Los t\u00e9rminos direcciones se refieren a la ubicaci\u00f3n de una estructura en el organismo, en referencia a otra y estos pueden ser superior o inferior, anterior o posterior, media o lateral, proximal o distal, superficial o profundo. Estos nombre tienen algunos sin\u00f3nimos, por ejemplo, superior tambi\u00e9n se puede decir cef\u00e1lico, craneal, cada uno de ellos tiene otros nombres.<\/p>\n\n\n\n<p class=\"wp-block-paragraph\">Los planos son l\u00edneas imaginarias que&nbsp;pasan a trav\u00e9s del cuerpo y lo dividen de&nbsp;diferentes formas estos son sagital o&nbsp;medio, que divide al cuerpo en dos partes&nbsp;iguales, en derecho e izquierdo; parasagital, que divide al cuerpo en dos partes desiguales, derecha e izquierda; horizontal, divide al&nbsp;organismo en dos porciones, superior e&nbsp;inferior; y frontal, que divide al cuerpo en dos&nbsp;partes anterior y posterior.<\/p>\n\n\n\n<p class=\"wp-block-paragraph\">Las&nbsp; cavidades ventral que se subdivide&nbsp;en tor\u00e1cica y abdominal. La dorsal que&nbsp;a su vez se divide en craneal y raqu\u00eddea. Son de mucha utilidad en los auxiliares&nbsp;diagn\u00f3sticos de imagen y para las \u00e1reas&nbsp;quir\u00fargicas.<\/p>\n\n\n\n<div class=\"wp-block-image\"><figure class=\"aligncenter size-full\"><img decoding=\"async\" src=\"data:image\/gif;base64,R0lGODlhAQABAIAAAAAAAP\/\/\/yH5BAEAAAAALAAAAAABAAEAAAIBRAA7\" data-src=\"https:\/\/blogs.ugto.mx\/rea\/wp-content\/uploads\/sites\/71\/2021\/11\/body2.png\" alt=\"\" class=\"wp-image-751\" \/><noscript><img loading=\"lazy\" decoding=\"async\" width=\"791\" height=\"901\" src=\"https:\/\/blogs.ugto.mx\/rea\/wp-content\/uploads\/sites\/71\/2021\/11\/body2.png\" alt=\"\" class=\"wp-image-751\" srcset=\"https:\/\/blogs.ugto.mx\/rea\/wp-content\/uploads\/sites\/71\/2021\/11\/body2.png 791w, https:\/\/blogs.ugto.mx\/rea\/wp-content\/uploads\/sites\/71\/2021\/11\/body2-263x300.png 263w, https:\/\/blogs.ugto.mx\/rea\/wp-content\/uploads\/sites\/71\/2021\/11\/body2-768x875.png 768w\" sizes=\"auto, (max-width: 791px) 100vw, 791px\" \/><\/noscript><\/figure><\/div>\n","protected":false},"excerpt":{"rendered":"<p>Presentaci\u00f3n del tema Para el estudio del cuerpo humano, siempre se deber\u00e1 considerar al individuo de pie con los miembros superiores e inferiores hacia delante con las palmas mirando al frente.&nbsp; A. La cabeza, los ojos y los dedos de los pies se dirigen en sentido anterior (hacia delante). B. Los miembros superiores cuelgan con &#8230; <a title=\"Clase digital 2. T\u00e9rminos anat\u00f3micos\" class=\"read-more\" href=\"https:\/\/blogs.ugto.mx\/rea\/clase-digital-2-terminos-anatomicos\/\" aria-label=\"Leer m\u00e1s sobre Clase digital 2. T\u00e9rminos anat\u00f3micos\">Leer m\u00e1s<\/a><\/p>\n","protected":false},"author":142,"featured_media":0,"comment_status":"closed","ping_status":"closed","sticky":false,"template":"","format":"standard","meta":{"_acf_changed":false,"_crdt_document":"","episode_type":"","audio_file":"","podmotor_file_id":"","podmotor_episode_id":"","cover_image":"","cover_image_id":"","duration":"","filesize":"","filesize_raw":"","date_recorded":"","explicit":"","block":"","itunes_episode_number":"","itunes_title":"","itunes_season_number":"","itunes_episode_type":"","footnotes":""},"categories":[58],"tags":[41,60,59],"class_list":["post-717","post","type-post","status-publish","format-standard","hentry","category-anatomia-y-fisiologia-i","tag-clase-digital","tag-javier-servin-martinez","tag-scli05001"],"acf":[],"jetpack_featured_media_url":"","_links":{"self":[{"href":"https:\/\/blogs.ugto.mx\/rea\/wp-json\/wp\/v2\/posts\/717","targetHints":{"allow":["GET"]}}],"collection":[{"href":"https:\/\/blogs.ugto.mx\/rea\/wp-json\/wp\/v2\/posts"}],"about":[{"href":"https:\/\/blogs.ugto.mx\/rea\/wp-json\/wp\/v2\/types\/post"}],"author":[{"embeddable":true,"href":"https:\/\/blogs.ugto.mx\/rea\/wp-json\/wp\/v2\/users\/142"}],"replies":[{"embeddable":true,"href":"https:\/\/blogs.ugto.mx\/rea\/wp-json\/wp\/v2\/comments?post=717"}],"version-history":[{"count":6,"href":"https:\/\/blogs.ugto.mx\/rea\/wp-json\/wp\/v2\/posts\/717\/revisions"}],"predecessor-version":[{"id":6672,"href":"https:\/\/blogs.ugto.mx\/rea\/wp-json\/wp\/v2\/posts\/717\/revisions\/6672"}],"wp:attachment":[{"href":"https:\/\/blogs.ugto.mx\/rea\/wp-json\/wp\/v2\/media?parent=717"}],"wp:term":[{"taxonomy":"category","embeddable":true,"href":"https:\/\/blogs.ugto.mx\/rea\/wp-json\/wp\/v2\/categories?post=717"},{"taxonomy":"post_tag","embeddable":true,"href":"https:\/\/blogs.ugto.mx\/rea\/wp-json\/wp\/v2\/tags?post=717"}],"curies":[{"name":"wp","href":"https:\/\/api.w.org\/{rel}","templated":true}]}}